{"id":4583,"date":"2024-08-06T10:29:32","date_gmt":"2024-08-06T08:29:32","guid":{"rendered":"https:\/\/www.visitvarmland.com\/corporate\/?post_type=news&#038;p=4583"},"modified":"2024-08-06T10:29:33","modified_gmt":"2024-08-06T08:29:33","slug":"utveckling-av-statstiken-for-inkvartering","status":"publish","type":"news","link":"https:\/\/www.visitvarmland.com\/corporate\/nyheter\/utveckling-av-statstiken-for-inkvartering\/","title":{"rendered":"Utveckling av statstiken f\u00f6r inkvartering"},"content":{"rendered":"\n<p>Tillv\u00e4xtverket f\u00f6rb\u00e4ttrar och utvecklar nu inkvarteringsstatistiken. Det inneb\u00e4r bland annat en upphandling av en ny leverant\u00f6r f\u00f6r datainsamlingen fr\u00e5n och med n\u00e4sta \u00e5r.\u00a0Upphandlingen p\u00e5g\u00e5r nu och f\u00f6rv\u00e4ntas avslutas i september. V\u00e5r nuvarande leverant\u00f6r, SCB, kommer att leverera data f\u00f6r hela 2024. Fr\u00e5n och med februari 2025 kommer vi att samla in statistik via en ny leverant\u00f6r. <\/p>\n\n\n\n<p>De kommande \u00e5ren kommer inneb\u00e4ra en utvecklingsresa f\u00f6r inkvarteringsstatistiken d\u00e4r m\u00e5let \u00e4r att b\u00e5de uppgiftsl\u00e4mnare och anv\u00e4ndare kommer att uppleva p\u00e5tagliga f\u00f6rb\u00e4ttringar p\u00e5 flera olika delar av inkvarteringen. Vi p\u00e5 Visit V\u00e4rmland ser mycket positivt p\u00e5 detta arbete som inleds, d\u00e5 v\u00e5r gemensamma statistik i Sverige varit underm\u00e5lig under l\u00e5ng tid och vi vet vikten av r\u00e4tt och bearbetad data f\u00f6r bes\u00f6ksn\u00e4ringen. Bland annat till f\u00f6ljd av den stora anledningen att p\u00e5 ett tillf\u00f6rlitligt s\u00e4tt kunna redovisa vad dessa n\u00e4ringar ger tillbaks i form av skatteint\u00e4kter och arbetstillf\u00e4llen. <\/p>\n\n\n\n<p>Visit V\u00e4rmland kommer innanf\u00f6r ramen av det\u00a0Regionala n\u00e4tverket f\u00f6r bes\u00f6ksn\u00e4ringen och turism\u00a0att ing\u00e5 och arbeta tillsammans med Tillv\u00e4xtverket\u00a0f\u00f6r att bolla tankar och id\u00e9er under utvecklingsresans g\u00e5ng. Vi ser mycket fram emot att vara med och bidra i detta viktiga arbete. <\/p>\n\n\n\n<p><strong>M\u00e5len med utvecklingsarbetet:<\/strong><\/p>\n\n\n\n<ul class=\"wp-block-list\">\n<li>P\u00e5tagligt minska uppgiftsl\u00e4mnarb\u00f6rdan f\u00f6r boendeanl\u00e4ggningarna.&nbsp;<\/li>\n\n\n\n<li>Ett n\u00e4rmare samarbete med regioner och ett f\u00f6rb\u00e4ttrat gemensamt arbete med anl\u00e4ggningsregistret.<\/li>\n\n\n\n<li>Tillg\u00e4ngligg\u00f6ra statistiken p\u00e5 fler s\u00e4tt och mer detaljerat. De flesta som idag prenumererar p\u00e5 statistik ska kunna h\u00e4mta det fr\u00e5n Tillv\u00e4xtverkets hemsida gratis.<\/li>\n\n\n\n<li>Tillv\u00e4xtverket kommer ocks\u00e5 att erbjuda tabellprenumerationer.&nbsp;<\/li>\n\n\n\n<li>H\u00f6gre kvalitet i statistiken.<\/li>\n\n\n\n<li>Snabbare publicering av statistiken.<\/li>\n<\/ul>\n\n\n\n<h3 class=\"wp-block-heading\"><strong>M\u00f6jligheter med \u00f6ppna data<\/strong><\/h3>\n\n\n\n<p>H\u00e4r kan man ladda ner \u00f6ppna data fr\u00e5n inkvarteringen till exempel via API, h\u00e4r:<\/p>\n\n\n\n<ul class=\"wp-block-list\">\n<li><a href=\"https:\/\/www.dataportal.se\/sv\/datasets\/54_2824\/gastnatter-belaggningkapacitet-och-belaggning-per-dygn\" target=\"_blank\" rel=\"noopener\">G\u00e4stn\u00e4tter, bel\u00e4ggningkapacitet och bel\u00e4ggning per dygn &#8211; Sveriges dataportal<\/a><\/li>\n\n\n\n<li><a href=\"https:\/\/www.dataportal.se\/sv\/datasets\/54_2823\/logiintakter-gastnatter-belaggning-per-manad-fordelat-pa-sverige-och-utland\" target=\"_blank\" rel=\"noopener\">Logiint\u00e4kter, G\u00e4stn\u00e4tter bel\u00e4ggning per m\u00e5nad f\u00f6rdelat p\u00e5 Sverige och utland &#8211; Sveriges dataportal<\/a><\/li>\n\n\n\n<li><a href=\"https:\/\/www.dataportal.se\/sv\/datasets\/54_2822\/gastnatter-per-land-och-manad\" target=\"_blank\" rel=\"noopener\">G\u00e4stn\u00e4tter per land och m\u00e5nad &#8211; Sveriges dataportal<\/a><\/li>\n<\/ul>\n\n\n\n<p>\u00d6ppna data publiceras i princip samtidigt som data i v\u00e5r statistikportal.&nbsp;Vi kommer under h\u00f6sten att utveckla och sl\u00e4ppa mer data som \u00f6ppna data.<\/p>\n","protected":false},"author":383,"featured_media":4584,"template":"","class_list":["post-4583","news","type-news","status-publish","has-post-thumbnail","hentry"],"acf":[],"lang":"sv","translations":{"sv":4583},"pll_sync_post":[],"_links":{"self":[{"href":"https:\/\/www.visitvarmland.com\/corporate\/wp-json\/wp\/v2\/news\/4583","targetHints":{"allow":["GET"]}}],"collection":[{"href":"https:\/\/www.visitvarmland.com\/corporate\/wp-json\/wp\/v2\/news"}],"about":[{"href":"https:\/\/www.visitvarmland.com\/corporate\/wp-json\/wp\/v2\/types\/news"}],"author":[{"embeddable":true,"href":"https:\/\/www.visitvarmland.com\/corporate\/wp-json\/wp\/v2\/users\/383"}],"wp:featuredmedia":[{"embeddable":true,"href":"https:\/\/www.visitvarmland.com\/corporate\/wp-json\/wp\/v2\/media\/4584"}],"wp:attachment":[{"href":"https:\/\/www.visitvarmland.com\/corporate\/wp-json\/wp\/v2\/media?parent=4583"}],"curies":[{"name":"wp","href":"https:\/\/api.w.org\/{rel}","templated":true}]}}