{"id":4695,"date":"2024-10-04T10:59:23","date_gmt":"2024-10-04T08:59:23","guid":{"rendered":"https:\/\/www.visitvarmland.com\/corporate\/?post_type=news&#038;p=4695"},"modified":"2024-10-04T11:02:00","modified_gmt":"2024-10-04T09:02:00","slug":"arets-uppsats-2024-turismstudenter-i-rampljuset","status":"publish","type":"news","link":"https:\/\/www.visitvarmland.com\/corporate\/nyheter\/arets-uppsats-2024-turismstudenter-i-rampljuset\/","title":{"rendered":"\u00c5rets Uppsats 2024 \u2013 Turismstudenter i rampljuset"},"content":{"rendered":"\n<p>Under Bes\u00f6ksn\u00e4ringsdagarna i V\u00e4rmland delar vi ut priset f\u00f6r \u00c5rets Uppsats, en utm\u00e4rkelse som g\u00e5r till studenter fr\u00e5n Turismprogrammet vid Karlstads universitet. Deras arbete bidrar till att st\u00e4rka och utveckla bes\u00f6ksn\u00e4ringen i regionen. Vi \u00e4r stolta \u00f6ver att f\u00e5 presentera \u00e5rets nominerade:<\/p>\n\n\n\n<p>\ud83c\udf93 <strong>Elin Costerdal &amp; Veronika Svanstr\u00f6m<\/strong><br><em>Krisens p\u00e5verkan p\u00e5 bes\u00f6ksn\u00e4ringen \u2013 En turismvetenskaplig unders\u00f6kning om hur redo G\u00f6teborgs bes\u00f6ksn\u00e4ring \u00e4r f\u00f6r en terroristattack<\/em><\/p>\n\n\n\n<div class=\"wp-block-buttons is-layout-flex wp-block-buttons-is-layout-flex\">\n<div class=\"wp-block-button\"><a class=\"wp-block-button__link wp-element-button\" href=\"https:\/\/www.visitvarmland.com\/corporate\/wp-content\/uploads\/sites\/20\/2024\/10\/C-Uppsats-Elin-Costerdal-och-Veronika-Svanstrom-1.pdf\">L\u00e4s uppsatsen h\u00e4r<\/a><\/div>\n<\/div>\n\n\n\n<p>\ud83c\udf93 <strong>Anton Olsen<\/strong><br><em>En framtidsvision om V\u00e4nern kopplat till bes\u00f6ksn\u00e4ring i Karlstad<\/em><\/p>\n\n\n\n<div class=\"wp-block-buttons is-layout-flex wp-block-buttons-is-layout-flex\">\n<div class=\"wp-block-button\"><a class=\"wp-block-button__link wp-element-button\" href=\"https:\/\/www.visitvarmland.com\/corporate\/wp-content\/uploads\/sites\/20\/2024\/10\/Anton-Olsen-C-uppsats-Turism.pdf\">L\u00e4s uppsatsen h\u00e4r<\/a><\/div>\n<\/div>\n\n\n\n<p>\ud83c\udf93 <strong>Lisa Jonsson<\/strong><br><em>Den internationella skidturismen i Norge: En fallstudie om Trysil &amp; Hafjell<\/em><\/p>\n\n\n\n<div class=\"wp-block-buttons is-layout-flex wp-block-buttons-is-layout-flex\">\n<div class=\"wp-block-button\"><a class=\"wp-block-button__link wp-element-button\" href=\"https:\/\/www.visitvarmland.com\/corporate\/wp-content\/uploads\/sites\/20\/2024\/10\/C-uppsats-Lisa-slutlig-inlamning.pdf\">L\u00e4s uppsatsen h\u00e4r<\/a><\/div>\n<\/div>\n\n\n\n<p>Ett stort grattis till er och lycka till i framtiden! <\/p>\n","protected":false},"author":380,"featured_media":4696,"template":"","class_list":["post-4695","news","type-news","status-publish","has-post-thumbnail","hentry"],"acf":[],"lang":"sv","translations":{"sv":4695},"pll_sync_post":[],"_links":{"self":[{"href":"https:\/\/www.visitvarmland.com\/corporate\/wp-json\/wp\/v2\/news\/4695","targetHints":{"allow":["GET"]}}],"collection":[{"href":"https:\/\/www.visitvarmland.com\/corporate\/wp-json\/wp\/v2\/news"}],"about":[{"href":"https:\/\/www.visitvarmland.com\/corporate\/wp-json\/wp\/v2\/types\/news"}],"author":[{"embeddable":true,"href":"https:\/\/www.visitvarmland.com\/corporate\/wp-json\/wp\/v2\/users\/380"}],"wp:featuredmedia":[{"embeddable":true,"href":"https:\/\/www.visitvarmland.com\/corporate\/wp-json\/wp\/v2\/media\/4696"}],"wp:attachment":[{"href":"https:\/\/www.visitvarmland.com\/corporate\/wp-json\/wp\/v2\/media?parent=4695"}],"curies":[{"name":"wp","href":"https:\/\/api.w.org\/{rel}","templated":true}]}}