{"id":4798,"date":"2024-11-07T22:47:59","date_gmt":"2024-11-07T21:47:59","guid":{"rendered":"https:\/\/www.visitvarmland.com\/corporate\/?post_type=news&#038;p=4798"},"modified":"2024-11-08T16:54:18","modified_gmt":"2024-11-08T15:54:18","slug":"arets-prismottagare-pa-varmlands-besoksnaringsdagar","status":"publish","type":"news","link":"https:\/\/www.visitvarmland.com\/corporate\/nyheter\/arets-prismottagare-pa-varmlands-besoksnaringsdagar\/","title":{"rendered":"\u00c5rets prismottagare p\u00e5 V\u00e4rmlands Bes\u00f6ksn\u00e4ringsdagar"},"content":{"rendered":"\n<p><strong>Under V\u00e4rmlands Bes\u00f6ksn\u00e4ringsdagar den 7-8 november p\u00e5 Selma Spa i Sunne delades \u00e5rets utm\u00e4rkelser ut till flera f\u00f6rtj\u00e4nstfulla vinnare inom bes\u00f6ksn\u00e4ringen.<\/strong><\/p>\n\n\n\n<figure class=\"wp-block-image size-large\"><img loading=\"lazy\" decoding=\"async\" width=\"1024\" height=\"768\" src=\"https:\/\/www.visitvarmland.com\/corporate\/wp-content\/uploads\/sites\/20\/2024\/11\/BND-2024-Varmlands-Turismpris-1024x768.jpg\" alt=\"Fyra personer med en prischeck\" class=\"wp-image-4804\" srcset=\"https:\/\/www.visitvarmland.com\/app\/uploads\/sites\/20\/2024\/11\/BND-2024-Varmlands-Turismpris-1024x768.jpg 1024w, https:\/\/www.visitvarmland.com\/app\/uploads\/sites\/20\/2024\/11\/BND-2024-Varmlands-Turismpris-300x225.jpg 300w, https:\/\/www.visitvarmland.com\/app\/uploads\/sites\/20\/2024\/11\/BND-2024-Varmlands-Turismpris-768x576.jpg 768w, https:\/\/www.visitvarmland.com\/app\/uploads\/sites\/20\/2024\/11\/BND-2024-Varmlands-Turismpris-1536x1152.jpg 1536w, https:\/\/www.visitvarmland.com\/app\/uploads\/sites\/20\/2024\/11\/BND-2024-Varmlands-Turismpris-2048x1536.jpg 2048w, https:\/\/www.visitvarmland.com\/app\/uploads\/sites\/20\/2024\/11\/BND-2024-Varmlands-Turismpris-150x113.jpg 150w, https:\/\/www.visitvarmland.com\/app\/uploads\/sites\/20\/2024\/11\/BND-2024-Varmlands-Turismpris-600x450.jpg 600w\" sizes=\"auto, (max-width: 1024px) 100vw, 1024px\" \/><figcaption class=\"wp-element-caption\">Br\u00f6derna Olssons tillsammans med Mia Landin, vd Visit V\u00e4rmland, och Erik Evestam, ordf\u00f6rande Regionala utvecklingsn\u00e4mnden.<\/figcaption><\/figure>\n\n\n\n<h2 class=\"wp-block-heading\">V\u00e4rmlands Turismpris<\/h2>\n\n\n\n<p>Tidigare i h\u00f6stas presenterade vi Br\u00f6derna Olssons som vinnare av V\u00e4rmlands Turismpris 2024. Br\u00f6derna Olssons ligger bland annat bakom restaurangerna Olssons Bazar och Olssons Brygga, hotell Fratelli samt festivalerna Arvika Hamnfest och Kajen.<\/p>\n\n\n\n<p>Finalister var \u00e4ven <a href=\"https:\/\/julinsbbq.se\/\" data-type=\"link\" data-id=\"https:\/\/julinsbbq.se\/\" target=\"_blank\" rel=\"noopener\">Julins Backyard Barbeque<\/a> och <a href=\"https:\/\/sahlstromsgarden.se\/\" data-type=\"link\" data-id=\"https:\/\/sahlstromsgarden.se\/\" target=\"_blank\" rel=\"noopener\">Sahlstr\u00f6msg\u00e5rden<\/a>.<\/p>\n\n\n\n<p><strong>Motiveringen:<\/strong><\/p>\n\n\n\n<p><em>\u201dBr\u00f6derna Olsson har med innovation, passion och fokus p\u00e5 kvalitet st\u00e4rkt regionens attraktivitet och utvecklat bes\u00f6ksn\u00e4ringen i V\u00e4rmland under de senaste 25 \u00e5ren. Genom unika m\u00f6tesplatser och evenemang har de skapat upplevelser som lockar tusentals, samtidigt som de lyfter lokal mat, dryck och kultur. Deras insats g\u00f6r V\u00e4rmland till ett sj\u00e4lvklart resm\u00e5l \u00e5ret runt. \u201d<\/em><\/p>\n\n\n\n<figure class=\"wp-block-image size-large\"><img loading=\"lazy\" decoding=\"async\" width=\"1024\" height=\"768\" src=\"https:\/\/www.visitvarmland.com\/corporate\/wp-content\/uploads\/sites\/20\/2024\/11\/BND-2024-Skargardsveckan-1-1024x768.jpg\" alt=\"Tv\u00e5 kvinnor som jublar med ett pris\" class=\"wp-image-4803\" srcset=\"https:\/\/www.visitvarmland.com\/app\/uploads\/sites\/20\/2024\/11\/BND-2024-Skargardsveckan-1-1024x768.jpg 1024w, https:\/\/www.visitvarmland.com\/app\/uploads\/sites\/20\/2024\/11\/BND-2024-Skargardsveckan-1-300x225.jpg 300w, https:\/\/www.visitvarmland.com\/app\/uploads\/sites\/20\/2024\/11\/BND-2024-Skargardsveckan-1-768x576.jpg 768w, https:\/\/www.visitvarmland.com\/app\/uploads\/sites\/20\/2024\/11\/BND-2024-Skargardsveckan-1-1536x1152.jpg 1536w\" sizes=\"auto, (max-width: 1024px) 100vw, 1024px\" \/><figcaption class=\"wp-element-caption\">Camilla Svensson och Petra Eriksson fr\u00e5n Sk\u00e4rg\u00e5rdsveckan jublar \u00f6ver priset som \u00c5rets Uppstickare.<\/figcaption><\/figure>\n\n\n\n<h2 class=\"wp-block-heading\">\u00c5rets Uppstickare<\/h2>\n\n\n\n<p>\u00c5rets Uppstickare tilldelas en akt\u00f6r som genom nyt\u00e4nkande, utveckling av befintlig verksamhet eller nystart, utm\u00e4rkt sig inom bes\u00f6ksn\u00e4ringen i V\u00e4rmland. Vinnaren \u00e4r <a href=\"https:\/\/www.skargardsveckan.com\/\" data-type=\"link\" data-id=\"https:\/\/www.skargardsveckan.com\/\" target=\"_blank\" rel=\"noopener\">Sk\u00e4rg\u00e5rdsveckan<\/a> i Kristinehamn.<\/p>\n\n\n\n<p><strong>Motiveringen:<\/strong><\/p>\n\n\n\n<p><em>\u201dMed segling som grund har passionerade eldsj\u00e4lar skapat ett evenemang som engagerar inv\u00e5nare, lockar bes\u00f6kare och samlar n\u00e4ringsliv, f\u00f6reningar samt lokala akt\u00f6rer. T\u00e4vlingarna och aktiviteterna erbjuder en unik upplevelse som lyfter fram regionens styrkor, fr\u00e5n natur och kultur till gemenskap och livskvalitet. Detta initiativ \u00e4r mer \u00e4n en sporth\u00e4ndelse; det fungerar som en katalysator f\u00f6r samverkan och innovation i hela samh\u00e4llet. Genom att synligg\u00f6ra V\u00e4nerns potential bidrar initiativet till att st\u00e4rka V\u00e4rmlands bes\u00f6ksn\u00e4ring, och positionerar slutligen Kristinehamn som en attraktiv sk\u00e4rg\u00e5rdskommun och destination. \u201d<\/em><\/p>\n\n\n\n<p>Finalister var \u00e4ven Tr:actor Teater i Sunne och <a href=\"https:\/\/www.margueritesdeli.com\/\" data-type=\"link\" data-id=\"https:\/\/www.margueritesdeli.com\/\" target=\"_blank\" rel=\"noopener\">Margurites Ost och Charkbutik<\/a> p\u00e5 Hammar\u00f6.<\/p>\n\n\n\n<p><\/p>\n\n\n\n<figure class=\"wp-block-image size-large\"><img loading=\"lazy\" decoding=\"async\" width=\"1024\" height=\"768\" src=\"https:\/\/www.visitvarmland.com\/corporate\/wp-content\/uploads\/sites\/20\/2024\/11\/BND-2024-Arets-Uppsats-1024x768.jpg\" alt=\"Man med diplom\" class=\"wp-image-4799\" srcset=\"https:\/\/www.visitvarmland.com\/app\/uploads\/sites\/20\/2024\/11\/BND-2024-Arets-Uppsats-1024x768.jpg 1024w, https:\/\/www.visitvarmland.com\/app\/uploads\/sites\/20\/2024\/11\/BND-2024-Arets-Uppsats-300x225.jpg 300w, https:\/\/www.visitvarmland.com\/app\/uploads\/sites\/20\/2024\/11\/BND-2024-Arets-Uppsats-768x576.jpg 768w, https:\/\/www.visitvarmland.com\/app\/uploads\/sites\/20\/2024\/11\/BND-2024-Arets-Uppsats-1536x1152.jpg 1536w, https:\/\/www.visitvarmland.com\/app\/uploads\/sites\/20\/2024\/11\/BND-2024-Arets-Uppsats-2048x1535.jpg 2048w, https:\/\/www.visitvarmland.com\/app\/uploads\/sites\/20\/2024\/11\/BND-2024-Arets-Uppsats-150x112.jpg 150w, https:\/\/www.visitvarmland.com\/app\/uploads\/sites\/20\/2024\/11\/BND-2024-Arets-Uppsats-600x450.jpg 600w\" sizes=\"auto, (max-width: 1024px) 100vw, 1024px\" \/><figcaption class=\"wp-element-caption\">Anton Olsens prisades f\u00f6r \u00c5rets Uppsats om V\u00e4nern kopplat till bes\u00f6ksn\u00e4ringen.<\/figcaption><\/figure>\n\n\n\n<h2 class=\"wp-block-heading\">\u00c5rets Uppsats<\/h2>\n\n\n\n<p>\u00c5rets Uppsats tilldelas en student vid Turismprogrammet vid Karlstads Universitet. I \u00e5r heter vinnaren Anton Olsen och prisas f\u00f6r sitt arbete <em><a href=\"https:\/\/www.visitvarmland.com\/corporate\/wp-content\/uploads\/sites\/20\/2024\/10\/Anton-Olsen-C-uppsats-Turism.pdf\" data-type=\"link\" data-id=\"https:\/\/www.visitvarmland.com\/corporate\/wp-content\/uploads\/sites\/20\/2024\/10\/Anton-Olsen-C-uppsats-Turism.pdf\">En framtidsvision om V\u00e4nern kopplat till bes\u00f6ksn\u00e4ring i Karlstad<\/a><\/em>.<\/p>\n\n\n\n<p><strong>Motiveringen:<\/strong><\/p>\n\n\n\n<p><em>\u201dVinnaren av \u00e5rets uppsats har genom insiktsfull analys identifierat utvecklingsm\u00f6jligheter f\u00f6r V\u00e4rmlands bes\u00f6ksn\u00e4ring. Med ett inkluderande perspektiv lyfter studenten fram kopplingar till regionens n\u00e4ringsliv, offentlig sektor och inv\u00e5nare samt ger v\u00e4rdefulla perspektiv f\u00f6r framtiden.<br>Uppsatsen belyser ocks\u00e5 V\u00e4nerns potential som resurs och visar hur V\u00e4nerns tillg\u00e4nglighet kan st\u00e4rkas f\u00f6r b\u00e5de lokalbefolkning och bes\u00f6kare. Studenten p\u00e5minner oss om att innovation inte alltid handlar om n\u00e5got nytt, utan ist\u00e4llet se saker p\u00e5 ett nytt s\u00e4tt.\u201d<\/em><\/p>\n\n\n\n<p>Finalister var \u00e4ven <strong>Elin Costerdal &amp; Veronika Svanstr\u00f6m<\/strong> f\u00f6r uppsatsen <em><a href=\"https:\/\/www.visitvarmland.com\/corporate\/wp-content\/uploads\/sites\/20\/2024\/10\/C-Uppsats-Elin-Costerdal-och-Veronika-Svanstrom-1.pdf\" data-type=\"link\" data-id=\"https:\/\/www.visitvarmland.com\/corporate\/wp-content\/uploads\/sites\/20\/2024\/10\/C-Uppsats-Elin-Costerdal-och-Veronika-Svanstrom-1.pdf\">Krisens p\u00e5verkan p\u00e5 bes\u00f6ksn\u00e4ringen \u2013 En turismvetenskaplig unders\u00f6kning om hur redo G\u00f6teborgs bes\u00f6ksn\u00e4ring \u00e4r f\u00f6r en terroristattack<\/a><\/em> samt <strong>Lisa Jonsson<\/strong> f\u00f6r uppsatsen <em><a href=\"https:\/\/www.visitvarmland.com\/corporate\/wp-content\/uploads\/sites\/20\/2024\/10\/C-uppsats-Lisa-slutlig-inlamning.pdf\" data-type=\"link\" data-id=\"https:\/\/www.visitvarmland.com\/corporate\/wp-content\/uploads\/sites\/20\/2024\/10\/C-uppsats-Lisa-slutlig-inlamning.pdf\">Den internationella skidturismen i Norge: En fallstudie om Trysil &amp; Hafjell<\/a><\/em><\/p>\n\n\n\n<p>Stort grattis till alla vinnare och finalister! \ud83c\udf1f<\/p>\n","protected":false},"author":383,"featured_media":4801,"template":"","class_list":["post-4798","news","type-news","status-publish","has-post-thumbnail","hentry"],"acf":[],"lang":"sv","translations":{"sv":4798},"pll_sync_post":[],"_links":{"self":[{"href":"https:\/\/www.visitvarmland.com\/corporate\/wp-json\/wp\/v2\/news\/4798","targetHints":{"allow":["GET"]}}],"collection":[{"href":"https:\/\/www.visitvarmland.com\/corporate\/wp-json\/wp\/v2\/news"}],"about":[{"href":"https:\/\/www.visitvarmland.com\/corporate\/wp-json\/wp\/v2\/types\/news"}],"author":[{"embeddable":true,"href":"https:\/\/www.visitvarmland.com\/corporate\/wp-json\/wp\/v2\/users\/383"}],"wp:featuredmedia":[{"embeddable":true,"href":"https:\/\/www.visitvarmland.com\/corporate\/wp-json\/wp\/v2\/media\/4801"}],"wp:attachment":[{"href":"https:\/\/www.visitvarmland.com\/corporate\/wp-json\/wp\/v2\/media?parent=4798"}],"curies":[{"name":"wp","href":"https:\/\/api.w.org\/{rel}","templated":true}]}}