{"id":5069,"date":"2025-01-22T16:09:17","date_gmt":"2025-01-22T15:09:17","guid":{"rendered":"https:\/\/www.visitvarmland.com\/corporate\/?post_type=news&#038;p=5069"},"modified":"2025-01-22T16:09:17","modified_gmt":"2025-01-22T15:09:17","slug":"regionala-natverket-for-besoksnaring-och-turism-ar-nu-fulltaligt-och-tacker-hela-sverige","status":"publish","type":"news","link":"https:\/\/www.visitvarmland.com\/corporate\/nyheter\/regionala-natverket-for-besoksnaring-och-turism-ar-nu-fulltaligt-och-tacker-hela-sverige\/","title":{"rendered":"Regionala N\u00e4tverket f\u00f6r Bes\u00f6ksn\u00e4ring och Turism \u00e4r nu fulltaligt och t\u00e4cker hela Sverige"},"content":{"rendered":"\n<figure class=\"wp-block-image size-full\"><img loading=\"lazy\" decoding=\"async\" width=\"405\" height=\"358\" src=\"https:\/\/www.visitvarmland.com\/corporate\/wp-content\/uploads\/sites\/20\/2025\/01\/RNBT-logga.jpg\" alt=\"\" class=\"wp-image-5070\" srcset=\"https:\/\/www.visitvarmland.com\/app\/uploads\/sites\/20\/2025\/01\/RNBT-logga.jpg 405w, https:\/\/www.visitvarmland.com\/app\/uploads\/sites\/20\/2025\/01\/RNBT-logga-300x265.jpg 300w, https:\/\/www.visitvarmland.com\/app\/uploads\/sites\/20\/2025\/01\/RNBT-logga-150x133.jpg 150w\" sizes=\"auto, (max-width: 405px) 100vw, 405px\" \/><\/figure>\n\n\n\n<p>Styrelsen f\u00f6r det Regionala N\u00e4tverket f\u00f6r Bes\u00f6ksn\u00e4ring och Turism (RNBT) meddelar med stor gl\u00e4dje att Region \u00d6rebro l\u00e4n, Region V\u00e4stmanland och Region \u00d6sterg\u00f6tland nu har anslutit sig till f\u00f6reningen. D\u00e4rmed representerar RNBT samtliga Sveriges regioner \u2013 en historisk milstolpe f\u00f6r n\u00e4tverket och svensk bes\u00f6ksn\u00e4ring!<\/p>\n\n\n\n<p>RNBT \u00e4r en medlemsf\u00f6rening som bildades 2022, baserat p\u00e5 ett tidigare informellt n\u00e4tverk. F\u00f6reningen samlar ledande tj\u00e4nstepersoner fr\u00e5n regionala turism- och bes\u00f6ksn\u00e4ringsorganisationer i hela landet och fungerar som en central plattform f\u00f6r att driva fr\u00e5gor som r\u00f6r turismens och bes\u00f6ksn\u00e4ringens utveckling, m\u00f6jligheter och utmaningar ur ett regionalt perspektiv.<\/p>\n\n\n\n<p> \u2013 F\u00f6r oss handlar det om att st\u00e5 enade \u2013 tillsammans \u00e4r b\u00e4st. Nu n\u00e4r alla Sveriges regioner \u00e4r med kan vi verkligen driva utvecklingen av bes\u00f6ksn\u00e4ringen p\u00e5 ett s\u00e4tt som fr\u00e4mjar hela landet. Genom att samarbeta och dela med oss av v\u00e5ra erfarenheter st\u00e4rker vi b\u00e5de konkurrenskraften och h\u00e5llbarheten i svensk turism, s\u00e4ger Mia Landin, vice ordf\u00f6rande f\u00f6r RNBT och vd f\u00f6r Visit V\u00e4rmland.<\/p>\n\n\n\n<p>Genom erfarenhetsutbyte och kunskapsdelning st\u00e4rker RNBT arbetet f\u00f6r h\u00e5llbar turism och g\u00f6r svensk bes\u00f6ksn\u00e4ring mer konkurrenskraftig. Detta bidrar till fler jobb, \u00f6kad tillv\u00e4xt och st\u00f6rre attraktivitet i hela Sverige.<\/p>\n\n\n\n<p>\u2013 F\u00f6r oss regioner \u00e4r n\u00e4tverket en viktig plattform f\u00f6r \u00f6msesidigt l\u00e4rande. Tillsammans kan vi p\u00e5 ett effektivt s\u00e4tt skapa b\u00e4ttre f\u00f6ruts\u00e4ttningar f\u00f6r landets bes\u00f6ksn\u00e4ring att utvecklas. Jag ser fram emot att bidra med mina erfarenheter fr\u00e5n n\u00e4stan tjugo \u00e5rs arbete med l\u00e4nets bes\u00f6ksn\u00e4ring, s\u00e4ger Henrik Wester, turismchef p\u00e5 V\u00e4stmanland Turism \u2013 en del av Region V\u00e4stmanland, som \u00e4r en av de nya medlemmarna i RNBT.<\/p>\n\n\n\n<p>Med representanter fr\u00e5n alla Sveriges regioner kan RNBT nu gemensamt och kraftfullt arbeta f\u00f6r att utveckla svensk bes\u00f6ksn\u00e4ring och turism till nya framg\u00e5ngar!<\/p>\n\n\n\n<p><strong>Styrelsen f\u00f6r det Regionala N\u00e4tverket f\u00f6r Bes\u00f6ksn\u00e4ring och Turism (RNBT):<\/strong><\/p>\n\n\n\n<ul class=\"wp-block-list\">\n<li>Teres G\u00e4rdin, J\u00e4mtland H\u00e4rjedalen Turism, ordf\u00f6rande<\/li>\n\n\n\n<li>Mia Landin, Visit V\u00e4rmland, vice ordf\u00f6rande<\/li>\n\n\n\n<li>Annika Fredriksson, Swedish Lapland<\/li>\n\n\n\n<li>Anna Bohman Enmalm, Region Stockholm<\/li>\n\n\n\n<li>Chatarina Eriksson, Visit Dalarna<\/li>\n<\/ul>\n","protected":false},"author":383,"featured_media":0,"template":"","class_list":["post-5069","news","type-news","status-publish","hentry"],"acf":[],"lang":"sv","translations":{"sv":5069},"pll_sync_post":[],"_links":{"self":[{"href":"https:\/\/www.visitvarmland.com\/corporate\/wp-json\/wp\/v2\/news\/5069","targetHints":{"allow":["GET"]}}],"collection":[{"href":"https:\/\/www.visitvarmland.com\/corporate\/wp-json\/wp\/v2\/news"}],"about":[{"href":"https:\/\/www.visitvarmland.com\/corporate\/wp-json\/wp\/v2\/types\/news"}],"author":[{"embeddable":true,"href":"https:\/\/www.visitvarmland.com\/corporate\/wp-json\/wp\/v2\/users\/383"}],"wp:attachment":[{"href":"https:\/\/www.visitvarmland.com\/corporate\/wp-json\/wp\/v2\/media?parent=5069"}],"curies":[{"name":"wp","href":"https:\/\/api.w.org\/{rel}","templated":true}]}}