{"id":5415,"date":"2025-03-20T16:36:08","date_gmt":"2025-03-20T15:36:08","guid":{"rendered":"https:\/\/www.visitvarmland.com\/corporate\/?post_type=news&#038;p=5415"},"modified":"2025-03-20T16:36:08","modified_gmt":"2025-03-20T15:36:08","slug":"visit-varmlands-vd-mia-landin-ordforande-i-rnbt","status":"publish","type":"news","link":"https:\/\/www.visitvarmland.com\/corporate\/nyheter\/visit-varmlands-vd-mia-landin-ordforande-i-rnbt\/","title":{"rendered":"Visit V\u00e4rmlands vd Mia Landin ordf\u00f6rande i RNBT"},"content":{"rendered":"\n<p>Mia Landin, vd p\u00e5 Visit V\u00e4rmland, har valts till ordf\u00f6rande f\u00f6r det nationella n\u00e4tverket RNBT (Regionala N\u00e4tverket f\u00f6r Bes\u00f6ksn\u00e4ring och Turism). N\u00e4tverket, som grundades 2022, samlar alla 21 regionala turism- och bes\u00f6ksn\u00e4ringsorganisationer i Sverige. RNBT fungerar som en plattform f\u00f6r att fr\u00e4mja erfarenhetsutbyte och kunskapsdelning, s\u00e4rskilt med fokus p\u00e5 h\u00e5llbar turism och regionala utmaningar inom bes\u00f6ksn\u00e4ringen.<\/p>\n\n\n\n<p>\u2013 Genom ordf\u00f6randeskapet f\u00e5r ocks\u00e5 V\u00e4rmland \u00f6kad synlighet p\u00e5 den nationella arenan och st\u00e4rker sin position inom bes\u00f6ksn\u00e4ringen, s\u00e4ger Mia Landin.<\/p>\n\n\n\n<p>N\u00e4tverket \u00e4r en viktig r\u00f6st f\u00f6r offentliga bes\u00f6ksn\u00e4ringsorganisationer och en kanal f\u00f6r dialog med myndigheter och akt\u00f6rer som Visita och Visit Sweden.<\/p>\n\n\n\n<p><a href=\"https:\/\/press.visitvarmland.com\/posts\/pressreleases\/varmland-tar-ordforandeklubban-i-nationellt-n\" data-type=\"link\" data-id=\"https:\/\/press.visitvarmland.com\/posts\/pressreleases\/varmland-tar-ordforandeklubban-i-nationellt-n\">L\u00e4s mer i pressmeddelandet.<\/a><\/p>\n","protected":false},"author":383,"featured_media":5416,"template":"","class_list":["post-5415","news","type-news","status-publish","has-post-thumbnail","hentry"],"acf":[],"lang":"sv","translations":{"sv":5415},"pll_sync_post":[],"_links":{"self":[{"href":"https:\/\/www.visitvarmland.com\/corporate\/wp-json\/wp\/v2\/news\/5415","targetHints":{"allow":["GET"]}}],"collection":[{"href":"https:\/\/www.visitvarmland.com\/corporate\/wp-json\/wp\/v2\/news"}],"about":[{"href":"https:\/\/www.visitvarmland.com\/corporate\/wp-json\/wp\/v2\/types\/news"}],"author":[{"embeddable":true,"href":"https:\/\/www.visitvarmland.com\/corporate\/wp-json\/wp\/v2\/users\/383"}],"wp:featuredmedia":[{"embeddable":true,"href":"https:\/\/www.visitvarmland.com\/corporate\/wp-json\/wp\/v2\/media\/5416"}],"wp:attachment":[{"href":"https:\/\/www.visitvarmland.com\/corporate\/wp-json\/wp\/v2\/media?parent=5415"}],"curies":[{"name":"wp","href":"https:\/\/api.w.org\/{rel}","templated":true}]}}