{"id":5832,"date":"2025-04-16T15:49:27","date_gmt":"2025-04-16T13:49:27","guid":{"rendered":"https:\/\/www.visitvarmland.com\/corporate\/?post_type=news&#038;p=5832"},"modified":"2025-04-16T15:50:44","modified_gmt":"2025-04-16T13:50:44","slug":"region-varmland-bildar-bolag-for-besoksnaring","status":"publish","type":"news","link":"https:\/\/www.visitvarmland.com\/corporate\/nyheter\/region-varmland-bildar-bolag-for-besoksnaring\/","title":{"rendered":"Region V\u00e4rmland bildar bolag f\u00f6r bes\u00f6ksn\u00e4ring"},"content":{"rendered":"\n<p><strong>Region V\u00e4rmland tar \u00f6ver ansvaret f\u00f6r fr\u00e5gor som r\u00f6r v\u00e4rml\u00e4ndsk bes\u00f6ksn\u00e4ring och platsattraktion. Det nya aktiebolaget Visit V\u00e4rmland kommer att vara hel\u00e4gt av regionen och startar sin verksamhet den 1 juli. Det beslutade regionfullm\u00e4ktige idag.<\/strong><\/p>\n\n\n\n<p>\u2013 Vi \u00e4r v\u00e4ldigt glada att beslut nu \u00e4r taget \u00e4ven i regionfullm\u00e4ktige. Att verksamheten kommer att bedrivas i ett regionalt bolag g\u00f6r att vi kan arbeta \u00e4n mer fokuserat med att g\u00f6ra V\u00e4rmland till en attraktiv plats att leva, verka, bo, bes\u00f6ka och etablera sig p\u00e5, vilket bidrar till en positiv samh\u00e4llsutveckling och tillv\u00e4xt, s\u00e4ger Visit V\u00e4rmlands vd Mia Landin, som \u00e4ven blir vd f\u00f6r det region\u00e4gda bolaget.<\/p>\n\n\n\n<p><a href=\"https:\/\/regionvarmland.se\/5.78572a8f195d57a604719271.html\" target=\"_blank\" rel=\"noopener\">L\u00e4s mer p\u00e5 Region V\u00e4rmlands webbplats.<\/a><\/p>\n\n\n\n<p><em>Vad som sker med den ekonomiska f\u00f6reningen Visit V\u00e4rmland fattas det beslut om p\u00e5 f\u00f6reningens extrast\u00e4mma den 8 maj. <a href=\"https:\/\/www.visitvarmland.com\/corporate\/aktiviteter\/visit-varmlands-extrastamma-2025\/\">L\u00e4s mer om det h\u00e4r.<\/a><\/em><\/p>\n\n\n\n<p><strong>Vid fr\u00e5gor kontakta <\/strong><br>Mia Landin<br>Vd Visit V\u00e4rmland<br>Telefon: 054-776 60 01<br>E-post: mia.landin@visitvarmland.com<\/p>\n","protected":false},"author":387,"featured_media":5838,"template":"","class_list":["post-5832","news","type-news","status-publish","has-post-thumbnail","hentry"],"acf":[],"lang":"sv","translations":{"sv":5832},"pll_sync_post":[],"_links":{"self":[{"href":"https:\/\/www.visitvarmland.com\/corporate\/wp-json\/wp\/v2\/news\/5832","targetHints":{"allow":["GET"]}}],"collection":[{"href":"https:\/\/www.visitvarmland.com\/corporate\/wp-json\/wp\/v2\/news"}],"about":[{"href":"https:\/\/www.visitvarmland.com\/corporate\/wp-json\/wp\/v2\/types\/news"}],"author":[{"embeddable":true,"href":"https:\/\/www.visitvarmland.com\/corporate\/wp-json\/wp\/v2\/users\/387"}],"wp:featuredmedia":[{"embeddable":true,"href":"https:\/\/www.visitvarmland.com\/corporate\/wp-json\/wp\/v2\/media\/5838"}],"wp:attachment":[{"href":"https:\/\/www.visitvarmland.com\/corporate\/wp-json\/wp\/v2\/media?parent=5832"}],"curies":[{"name":"wp","href":"https:\/\/api.w.org\/{rel}","templated":true}]}}