{"id":6182,"date":"2025-05-08T16:03:25","date_gmt":"2025-05-08T14:03:25","guid":{"rendered":"https:\/\/www.visitvarmland.com\/corporate\/?post_type=news&#038;p=6182"},"modified":"2025-05-08T16:03:25","modified_gmt":"2025-05-08T14:03:25","slug":"beslut-fattat-nar-nya-aktiebolaget-visit-varmland-bildas-gar-den-ekonomiska-foreningen-i-frivillig-likvidation","status":"publish","type":"news","link":"https:\/\/www.visitvarmland.com\/corporate\/nyheter\/beslut-fattat-nar-nya-aktiebolaget-visit-varmland-bildas-gar-den-ekonomiska-foreningen-i-frivillig-likvidation\/","title":{"rendered":"Beslut fattat: N\u00e4r nya aktiebolaget Visit V\u00e4rmland bildas g\u00e5r den ekonomiska f\u00f6reningen i frivillig likvidation"},"content":{"rendered":"\n<p><strong>Idag har Visit V\u00e4rmland genomf\u00f6rt extrast\u00e4mma och f\u00f6reningsst\u00e4mma p\u00e5 Scandic Winn i Karlstad. P\u00e5 extrast\u00e4mman beslutades det att den ekonomiska f\u00f6reningen Visit V\u00e4rmland kommer att g\u00e5 i frivillig likvidation den 1 juli. Beslutet var enh\u00e4lligt och har fattats med bakgrund av att Region V\u00e4rmland tar \u00f6ver ansvaret f\u00f6r fr\u00e5gor som r\u00f6r v\u00e4rml\u00e4ndsk bes\u00f6ksn\u00e4ring och platsattraktion fr\u00e5n och med 1 juli. D\u00e5 startar det nya aktiebolaget Visit V\u00e4rmland som kommer att vara hel\u00e4gt av regionen.<\/strong><\/p>\n\n\n\n<p>P\u00e5 extrast\u00e4mman blev ocks\u00e5 sittande styrelse i den ekonomiska f\u00f6reningen Visit V\u00e4rmland omvald och kommer att sitta kvar fram till att den frivilliga likvidationen inleds den 1 juli. Mikael Flodell, projektledare f\u00f6r verksamhets\u00f6verg\u00e5ngen p\u00e5 Region V\u00e4rmland, uts\u00e5gs till likvidator.<\/p>\n\n\n\n<h2 class=\"wp-block-heading\">Skett i samverkan mellan Visit V\u00e4rmland och Region V\u00e4rmland<\/h2>\n\n\n\n<p>Planerna p\u00e5 en verksamhets\u00f6verg\u00e5ng har p\u00e5g\u00e5tt under flera \u00e5r och skett i n\u00e4ra samverkan mellan den ekonomiska f\u00f6reningen Visit V\u00e4rmland och Region V\u00e4rmland. En liknande utveckling ses \u00e4ven i resten av Sverige, d\u00e4r en majoritet av regionerna idag ansvarar f\u00f6r l\u00e4nets arbete med bes\u00f6ksn\u00e4ring.<\/p>\n\n\n\n<h2 class=\"wp-block-heading\">Nya aktiebolaget Visit V\u00e4rmland startar 1 juli<\/h2>\n\n\n\n<p>Visit V\u00e4rmland kommer att forts\u00e4tta fr\u00e4mja n\u00e4ringen och vara en resurs f\u00f6r f\u00f6retag och n\u00e4ringsidkare inom bes\u00f6ksn\u00e4ringen i hela regionen. Medarbetarna p\u00e5 Visit V\u00e4rmland kommer att erbjudas att g\u00e5 \u00f6ver i det nya bolaget som allts\u00e5 startas den 1 juli i \u00e5r. Nuvarande vd Mia Landin blir vd \u00e4ven i det region\u00e4gda aktiebolaget.<\/p>\n\n\n\n<p>Det h\u00e4r markerar det formella avslutet p\u00e5 en process vi pratat om l\u00e4nge \u2013 och starten p\u00e5 en ny fas. Med ett regionalt bolag f\u00e5r arbetet med bes\u00f6ksn\u00e4ringen en tydligare struktur, st\u00f6rre uth\u00e5llighet och b\u00e4ttre f\u00f6ruts\u00e4ttningar att bidra till syssels\u00e4ttning och tillv\u00e4xt i hela V\u00e4rmland.<\/p>\n\n\n\n<h2 class=\"wp-block-heading\">Kontakt<\/h2>\n\n\n\n<p>Har du fr\u00e5gor eller funderingar \u00e4r du v\u00e4lkommen att h\u00f6ra av dig till:<\/p>\n\n\n\n<p>Mia Landin, vd Visit V\u00e4rmland<br>Telefon: 054-776 60 01<br>E-post: mia.landin@visitvarmland.com<\/p>\n\n\n\n<p>Hanna \u00c5kerstedt, ordf\u00f6rande Visit V\u00e4rmland ekonomisk f\u00f6rening<br>Telefon: 070 533 37 82<br>E-post: hanna@riverc.se<\/p>\n","protected":false},"author":387,"featured_media":6183,"template":"","class_list":["post-6182","news","type-news","status-publish","has-post-thumbnail","hentry"],"acf":[],"lang":"sv","translations":{"sv":6182},"pll_sync_post":[],"_links":{"self":[{"href":"https:\/\/www.visitvarmland.com\/corporate\/wp-json\/wp\/v2\/news\/6182","targetHints":{"allow":["GET"]}}],"collection":[{"href":"https:\/\/www.visitvarmland.com\/corporate\/wp-json\/wp\/v2\/news"}],"about":[{"href":"https:\/\/www.visitvarmland.com\/corporate\/wp-json\/wp\/v2\/types\/news"}],"author":[{"embeddable":true,"href":"https:\/\/www.visitvarmland.com\/corporate\/wp-json\/wp\/v2\/users\/387"}],"wp:featuredmedia":[{"embeddable":true,"href":"https:\/\/www.visitvarmland.com\/corporate\/wp-json\/wp\/v2\/media\/6183"}],"wp:attachment":[{"href":"https:\/\/www.visitvarmland.com\/corporate\/wp-json\/wp\/v2\/media?parent=6182"}],"curies":[{"name":"wp","href":"https:\/\/api.w.org\/{rel}","templated":true}]}}