{"id":6186,"date":"2025-05-08T17:00:31","date_gmt":"2025-05-08T15:00:31","guid":{"rendered":"https:\/\/www.visitvarmland.com\/corporate\/?post_type=news&#038;p=6186"},"modified":"2025-06-10T10:24:44","modified_gmt":"2025-06-10T08:24:44","slug":"arsrapport-for-2024-ar-nu-publicerad","status":"publish","type":"news","link":"https:\/\/www.visitvarmland.com\/corporate\/nyheter\/arsrapport-for-2024-ar-nu-publicerad\/","title":{"rendered":"\u00c5rsrapporten f\u00f6r 2024 \u00e4r nu publicerad"},"content":{"rendered":"\n<p>Nu finns Visit V\u00e4rmlands \u00e5rsrapport f\u00f6r 2024 publicerad p\u00e5 v\u00e5r webbplats. I rapporten summerar vi \u00e5rets arbete, resultat och utveckling inom den v\u00e4rml\u00e4ndska bes\u00f6ksn\u00e4ringen.<\/p>\n\n\n\n<p>H\u00e4r hittar du insikter om projekt, samarbeten, marknadsf\u00f6ring, statistik och strategiskt arbete \u2013 allt med fokus p\u00e5 att st\u00e4rka V\u00e4rmland som destination.<\/p>\n\n\n\n<p><\/p>\n\n\n\n<div class=\"wp-block-atheme-component-action-button atheme-wrapper--action-button-single\"><a href=\"https:\/\/www.visitvarmland.com\/corporate\/wp-content\/uploads\/sites\/20\/2025\/05\/Visit-Varmland-Arsrapport-2024.pdf\" target=\"_blank\" class=\"a-action a-action--download\" rel=\"noopener\"><span>\u00c5rsrapport 2024<\/span><\/a><\/div>\n\n\n\n<p><\/p>\n\n\n\n<p><a href=\"https:\/\/www.visitvarmland.com\/corporate\/om-visit-varmland\/foreningen-visit-varmland\/arsrapporter\/\" data-type=\"link\" data-id=\"https:\/\/www.visitvarmland.com\/corporate\/om-visit-varmland\/foreningen-visit-varmland\/arsrapporter\/\">H\u00e4r kan du l\u00e4sa v\u00e5ra tidigare \u00e5rsrapporter<\/a>.<\/p>\n\n\n\n<p><\/p>\n","protected":false},"author":383,"featured_media":6267,"template":"","class_list":["post-6186","news","type-news","status-publish","has-post-thumbnail","hentry"],"acf":[],"lang":"sv","translations":{"sv":6186},"pll_sync_post":[],"_links":{"self":[{"href":"https:\/\/www.visitvarmland.com\/corporate\/wp-json\/wp\/v2\/news\/6186","targetHints":{"allow":["GET"]}}],"collection":[{"href":"https:\/\/www.visitvarmland.com\/corporate\/wp-json\/wp\/v2\/news"}],"about":[{"href":"https:\/\/www.visitvarmland.com\/corporate\/wp-json\/wp\/v2\/types\/news"}],"author":[{"embeddable":true,"href":"https:\/\/www.visitvarmland.com\/corporate\/wp-json\/wp\/v2\/users\/383"}],"wp:featuredmedia":[{"embeddable":true,"href":"https:\/\/www.visitvarmland.com\/corporate\/wp-json\/wp\/v2\/media\/6267"}],"wp:attachment":[{"href":"https:\/\/www.visitvarmland.com\/corporate\/wp-json\/wp\/v2\/media?parent=6186"}],"curies":[{"name":"wp","href":"https:\/\/api.w.org\/{rel}","templated":true}]}}