{"id":6311,"date":"2025-06-12T17:02:05","date_gmt":"2025-06-12T15:02:05","guid":{"rendered":"https:\/\/www.visitvarmland.com\/corporate\/?post_type=news&#038;p=6311"},"modified":"2025-06-12T17:07:19","modified_gmt":"2025-06-12T15:07:19","slug":"branasgruppen-vinner-varmlands-turismpris-2025","status":"publish","type":"news","link":"https:\/\/www.visitvarmland.com\/corporate\/nyheter\/branasgruppen-vinner-varmlands-turismpris-2025\/","title":{"rendered":"Bran\u00e4sgruppen vinner V\u00e4rmlands Turismpris 2025"},"content":{"rendered":"\n<p><strong>Visit V\u00e4rmland \u00e4r stolta \u00f6ver att utse Bran\u00e4sgruppen som \u00e5rets vinnare av V\u00e4rmlands Turismpris 2025.<\/strong><\/p>\n\n\n\n<p>Bran\u00e4s \u00e4r V\u00e4rmlands st\u00f6rsta skidanl\u00e4ggning och har under m\u00e5nga \u00e5r lockat barnfamiljer, nyb\u00f6rjare och entusiaster till fj\u00e4llv\u00e4rlden \u2013 mitt i V\u00e4rmland. Med en tydlig profil som familjev\u00e4nlig destination, och flera utm\u00e4rkelser som Sveriges b\u00e4sta skidanl\u00e4ggning f\u00f6r barnfamiljer, har Bran\u00e4sgruppen skapat ett resm\u00e5l d\u00e4r tillg\u00e4nglighet, trygghet och upplevelser st\u00e5r i centrum. Samtidigt pr\u00e4glas deras verksamhet av st\u00e4ndig utveckling och expansion, b\u00e5de vad g\u00e4ller boende, service och h\u00e5llbara resealternativ.<\/p>\n\n\n\n<p>\u2013 Bran\u00e4s har blivit en av V\u00e4rmlands mest attraktiva platser \u2013 tack vare en imponerande utvecklingsresa under ledning av Anders Kj\u00e4llstr\u00f6m, s\u00e4ger Mia Landin, vd f\u00f6r Visit V\u00e4rmland. Deras arbete med att s\u00e4tta g\u00e4stens upplevelse i fokus, kombinera h\u00e5llbar utveckling med tillv\u00e4xt och samtidigt st\u00e4rka platsens attraktionskraft g\u00f6r dem till en sj\u00e4lvklar vinnare av V\u00e4rmlands Turismpris.<\/p>\n\n\n\n<p>\ud83d\udc49 <a href=\"https:\/\/press.visitvarmland.com\/posts\/pressreleases\/branasgruppen-vinner-varmlands-turismpris-202\"><strong>L\u00e4s mer i v\u00e5rt pressmeddelande<\/strong><\/a><\/p>\n","protected":false},"author":383,"featured_media":6313,"template":"","class_list":["post-6311","news","type-news","status-publish","has-post-thumbnail","hentry"],"acf":[],"lang":"sv","translations":{"sv":6311},"pll_sync_post":[],"_links":{"self":[{"href":"https:\/\/www.visitvarmland.com\/corporate\/wp-json\/wp\/v2\/news\/6311","targetHints":{"allow":["GET"]}}],"collection":[{"href":"https:\/\/www.visitvarmland.com\/corporate\/wp-json\/wp\/v2\/news"}],"about":[{"href":"https:\/\/www.visitvarmland.com\/corporate\/wp-json\/wp\/v2\/types\/news"}],"author":[{"embeddable":true,"href":"https:\/\/www.visitvarmland.com\/corporate\/wp-json\/wp\/v2\/users\/383"}],"wp:featuredmedia":[{"embeddable":true,"href":"https:\/\/www.visitvarmland.com\/corporate\/wp-json\/wp\/v2\/media\/6313"}],"wp:attachment":[{"href":"https:\/\/www.visitvarmland.com\/corporate\/wp-json\/wp\/v2\/media?parent=6311"}],"curies":[{"name":"wp","href":"https:\/\/api.w.org\/{rel}","templated":true}]}}