{"id":6972,"date":"2026-02-05T08:19:23","date_gmt":"2026-02-05T07:19:23","guid":{"rendered":"https:\/\/www.visitvarmland.com\/corporate\/?post_type=news&#038;p=6972"},"modified":"2026-02-12T15:36:13","modified_gmt":"2026-02-12T14:36:13","slug":"nationell-utvardering-av-cykelsasongen-2025-tydliga-positiva-trender-for-svensk-cykelturism","status":"publish","type":"news","link":"https:\/\/www.visitvarmland.com\/corporate\/nyheter\/nationell-utvardering-av-cykelsasongen-2025-tydliga-positiva-trender-for-svensk-cykelturism\/","title":{"rendered":"Nationell utv\u00e4rdering av cykels\u00e4songen 2025 \u2013 tydliga positiva trender f\u00f6r svensk cykelturism"},"content":{"rendered":"\n<figure class=\"wp-block-image size-large\"><img loading=\"lazy\" decoding=\"async\" width=\"1024\" height=\"256\" src=\"https:\/\/www.visitvarmland.com\/app\/uploads\/sites\/20\/2025\/12\/Loggor-finansiarer-CB-1024x256.png\" alt=\"\" class=\"wp-image-6899\" srcset=\"https:\/\/www.visitvarmland.com\/app\/uploads\/sites\/20\/2025\/12\/Loggor-finansiarer-CB-1024x256.png 1024w, https:\/\/www.visitvarmland.com\/app\/uploads\/sites\/20\/2025\/12\/Loggor-finansiarer-CB-300x75.png 300w, https:\/\/www.visitvarmland.com\/app\/uploads\/sites\/20\/2025\/12\/Loggor-finansiarer-CB-768x192.png 768w, https:\/\/www.visitvarmland.com\/app\/uploads\/sites\/20\/2025\/12\/Loggor-finansiarer-CB-150x38.png 150w, https:\/\/www.visitvarmland.com\/app\/uploads\/sites\/20\/2025\/12\/Loggor-finansiarer-CB-600x150.png 600w, https:\/\/www.visitvarmland.com\/app\/uploads\/sites\/20\/2025\/12\/Loggor-finansiarer-CB.png 1200w\" sizes=\"auto, (max-width: 1024px) 100vw, 1024px\" \/><\/figure>\n\n\n\n<hr class=\"wp-block-separator has-alpha-channel-opacity\"\/>\n\n\n\n<p>Under h\u00f6sten har Visit V\u00e4rmland lett arbetet med en gemensam nationell utv\u00e4rdering av cykels\u00e4songen 2025, tillsammans med f\u00f6retag l\u00e4ngs nio svenska cykelleder. Resultatet visar att cykelturismen forts\u00e4tter vara en stark och v\u00e4xande kraft i svensk bes\u00f6ksn\u00e4ring \u2013 b\u00e5de som h\u00e5llbar reseanledning och som motor f\u00f6r lokal utveckling.<\/p>\n\n\n\n<p>Det \u00e4r tydligt: <strong>cykelturismen \u00e4r en h\u00e5llbar och attraktiv bes\u00f6ksanledning som skapar livskraft i hela landet.<\/strong><br>Genom fortsatta satsningar p\u00e5 leder, infrastruktur och samarbete kan Sverige st\u00e4rka sin position som en av Europas mest tillg\u00e4ngliga cykeldestinationer.<\/p>\n\n\n\n<div class=\"wp-block-atheme-component-action-button atheme-wrapper--action-button-single\"><a href=\"https:\/\/www.visitvarmland.com\/app\/uploads\/sites\/20\/2026\/02\/Cykelturismen-i-Sverige-2025-sammanstallning-av-foretagsenkat-.pdf\" target=\"_blank\" class=\"a-action a-actionu002du002ddownload\" rel=\"noopener\"><span>L\u00e4s hela resultatet h\u00e4r (PDF)<\/span><\/a><\/div>\n\n\n\n<p><\/p>\n\n\n\n<h2 class=\"wp-block-heading\"><strong>Fyra insikter fr\u00e5n cykels\u00e4songen 2025<\/strong><\/h2>\n\n\n\n<h3 class=\"wp-block-heading\"><strong>62% av f\u00f6retagen uppger att cyklister p\u00e5verkat verksamheten positivt<\/strong><\/h3>\n\n\n\n<p>Cykelturismen bidrar till \u00f6kad oms\u00e4ttning och viktig m\u00e5lgruppsbreddning. Allt fler f\u00f6retag v\u00e4ljer nu att satsa p\u00e5 cyklister genom paketering, cykelv\u00e4nliga faciliteter och riktad marknadsf\u00f6ring.<\/p>\n\n\n\n<figure class=\"wp-block-image size-full\"><img loading=\"lazy\" decoding=\"async\" width=\"1200\" height=\"900\" src=\"https:\/\/www.visitvarmland.com\/app\/uploads\/sites\/20\/2026\/02\/2-e1770275487222-edited.png\" alt=\"\" class=\"wp-image-7011\" srcset=\"https:\/\/www.visitvarmland.com\/app\/uploads\/sites\/20\/2026\/02\/2-e1770275487222-edited.png 1200w, https:\/\/www.visitvarmland.com\/app\/uploads\/sites\/20\/2026\/02\/2-e1770275487222-edited-300x225.png 300w, https:\/\/www.visitvarmland.com\/app\/uploads\/sites\/20\/2026\/02\/2-e1770275487222-edited-1024x768.png 1024w, https:\/\/www.visitvarmland.com\/app\/uploads\/sites\/20\/2026\/02\/2-e1770275487222-edited-768x576.png 768w, https:\/\/www.visitvarmland.com\/app\/uploads\/sites\/20\/2026\/02\/2-e1770275487222-edited-150x113.png 150w, https:\/\/www.visitvarmland.com\/app\/uploads\/sites\/20\/2026\/02\/2-e1770275487222-edited-600x450.png 600w\" sizes=\"auto, (max-width: 1200px) 100vw, 1200px\" \/><\/figure>\n\n\n\n<p><\/p>\n\n\n\n<p><\/p>\n\n\n\n<h3 class=\"wp-block-heading\"><strong>Fler cyklister \u00e4n tidigare \u2013 53% ser en \u00f6kning j\u00e4mf\u00f6rt med 2024<\/strong><\/h3>\n\n\n\n<p>Utvecklingen \u00e4r stabil och pekar p\u00e5 att investeringar i leder och infrastruktur b\u00f6rjar ge resultat. F\u00e5 rapporterar minskning.<\/p>\n\n\n\n<figure class=\"wp-block-image size-full\"><img loading=\"lazy\" decoding=\"async\" width=\"1200\" height=\"900\" src=\"https:\/\/www.visitvarmland.com\/app\/uploads\/sites\/20\/2026\/02\/3-e1770275460263-edited.png\" alt=\"\" class=\"wp-image-7012\" srcset=\"https:\/\/www.visitvarmland.com\/app\/uploads\/sites\/20\/2026\/02\/3-e1770275460263-edited.png 1200w, https:\/\/www.visitvarmland.com\/app\/uploads\/sites\/20\/2026\/02\/3-e1770275460263-edited-300x225.png 300w, https:\/\/www.visitvarmland.com\/app\/uploads\/sites\/20\/2026\/02\/3-e1770275460263-edited-1024x768.png 1024w, https:\/\/www.visitvarmland.com\/app\/uploads\/sites\/20\/2026\/02\/3-e1770275460263-edited-768x576.png 768w, https:\/\/www.visitvarmland.com\/app\/uploads\/sites\/20\/2026\/02\/3-e1770275460263-edited-150x113.png 150w, https:\/\/www.visitvarmland.com\/app\/uploads\/sites\/20\/2026\/02\/3-e1770275460263-edited-600x450.png 600w\" sizes=\"auto, (max-width: 1200px) 100vw, 1200px\" \/><\/figure>\n\n\n\n<p class=\"has-normal-font-size\"><\/p>\n\n\n\n<p><\/p>\n\n\n\n<p><\/p>\n\n\n\n<h3 class=\"wp-block-heading\"><strong>Internationella g\u00e4ster st\u00e4rker s\u00e4songsf\u00f6rl\u00e4ngningen<\/strong><\/h3>\n\n\n\n<p>Ungef\u00e4r h\u00e4lften av cykelturisterna \u00e4r internationella bes\u00f6kare \u2013 fr\u00e4mst fr\u00e5n Tyskland, Nederl\u00e4nderna och Danmark.<br>De cyklar dessutom tidigt och sent p\u00e5 s\u00e4songen, vilket ger v\u00e4rdefulla int\u00e4kter utanf\u00f6r h\u00f6gsommaren.<\/p>\n\n\n\n<div class=\"wp-block-columns is-layout-flex wp-container-core-columns-is-layout-9d6595d7 wp-block-columns-is-layout-flex\">\n<div class=\"wp-block-column is-layout-flow wp-block-column-is-layout-flow\">\n<figure class=\"wp-block-image size-full\"><img loading=\"lazy\" decoding=\"async\" width=\"1200\" height=\"900\" src=\"https:\/\/www.visitvarmland.com\/app\/uploads\/sites\/20\/2026\/02\/Internationella-gaster-starker-sasongsforlangningen-e1770275598218-edited.png\" alt=\"\" class=\"wp-image-7013\" srcset=\"https:\/\/www.visitvarmland.com\/app\/uploads\/sites\/20\/2026\/02\/Internationella-gaster-starker-sasongsforlangningen-e1770275598218-edited.png 1200w, https:\/\/www.visitvarmland.com\/app\/uploads\/sites\/20\/2026\/02\/Internationella-gaster-starker-sasongsforlangningen-e1770275598218-edited-300x225.png 300w, https:\/\/www.visitvarmland.com\/app\/uploads\/sites\/20\/2026\/02\/Internationella-gaster-starker-sasongsforlangningen-e1770275598218-edited-1024x768.png 1024w, https:\/\/www.visitvarmland.com\/app\/uploads\/sites\/20\/2026\/02\/Internationella-gaster-starker-sasongsforlangningen-e1770275598218-edited-768x576.png 768w, https:\/\/www.visitvarmland.com\/app\/uploads\/sites\/20\/2026\/02\/Internationella-gaster-starker-sasongsforlangningen-e1770275598218-edited-150x113.png 150w, https:\/\/www.visitvarmland.com\/app\/uploads\/sites\/20\/2026\/02\/Internationella-gaster-starker-sasongsforlangningen-e1770275598218-edited-600x450.png 600w\" sizes=\"auto, (max-width: 1200px) 100vw, 1200px\" \/><\/figure>\n<\/div>\n<\/div>\n\n\n\n<p><br><\/p>\n\n\n\n<div class=\"wp-block-atheme-component-action-button atheme-wrapper--action-button-single\"><a href=\"https:\/\/www.visitvarmland.com\/corporate\/projekt\/cross-border-biking\/\" target=\"_self\" class=\"a-action a-action--arrow\" rel=\"noopener\"><span>L\u00e4s mer om projektet Cross Border Biking<\/span><\/a><\/div>\n\n\n\n<p><\/p>\n","protected":false},"author":407,"featured_media":6973,"template":"","class_list":["post-6972","news","type-news","status-publish","has-post-thumbnail","hentry"],"acf":[],"lang":"sv","translations":{"sv":6972},"pll_sync_post":[],"_links":{"self":[{"href":"https:\/\/www.visitvarmland.com\/corporate\/wp-json\/wp\/v2\/news\/6972","targetHints":{"allow":["GET"]}}],"collection":[{"href":"https:\/\/www.visitvarmland.com\/corporate\/wp-json\/wp\/v2\/news"}],"about":[{"href":"https:\/\/www.visitvarmland.com\/corporate\/wp-json\/wp\/v2\/types\/news"}],"author":[{"embeddable":true,"href":"https:\/\/www.visitvarmland.com\/corporate\/wp-json\/wp\/v2\/users\/407"}],"wp:featuredmedia":[{"embeddable":true,"href":"https:\/\/www.visitvarmland.com\/corporate\/wp-json\/wp\/v2\/media\/6973"}],"wp:attachment":[{"href":"https:\/\/www.visitvarmland.com\/corporate\/wp-json\/wp\/v2\/media?parent=6972"}],"curies":[{"name":"wp","href":"https:\/\/api.w.org\/{rel}","templated":true}]}}