{"id":6980,"date":"2026-02-11T10:16:33","date_gmt":"2026-02-11T09:16:33","guid":{"rendered":"https:\/\/www.visitvarmland.com\/corporate\/?post_type=news&#038;p=6980"},"modified":"2026-02-12T10:25:57","modified_gmt":"2026-02-12T09:25:57","slug":"sa-mar-besoksnaringen-i-varmland-resultat-fran-var-pulsmatning","status":"publish","type":"news","link":"https:\/\/www.visitvarmland.com\/corporate\/nyheter\/sa-mar-besoksnaringen-i-varmland-resultat-fran-var-pulsmatning\/","title":{"rendered":"S\u00e5 m\u00e5r bes\u00f6ksn\u00e4ringen i V\u00e4rmland \u2013 resultat fr\u00e5n v\u00e5r pulsm\u00e4tning"},"content":{"rendered":"\n<p>Varje \u00e5r genomf\u00f6r vi p\u00e5 Visit V\u00e4rmland en pulsm\u00e4tning av den v\u00e4rml\u00e4ndska bes\u00f6ksn\u00e4ringen i form av en kort enk\u00e4t. Enk\u00e4ten best\u00e5r av sex fr\u00e5gor som skickas ut till bes\u00f6ksn\u00e4ringen i slutet av \u00e5ret. Detta \u00e4r ett av v\u00e5ra viktigaste verktyg f\u00f6r att f\u00e5 en \u00f6versikt \u00f6ver hur den v\u00e4rml\u00e4ndska bes\u00f6ksn\u00e4ringen m\u00e5r och har f\u00f6r behov. Svaren anv\u00e4nder vi i v\u00e5r aff\u00e4rsutvecklingsprocess, i dialog med politik och i v\u00e5ra n\u00e4tverk samt i framtagandet av relevanta st\u00f6d, aktiviteter och insatser. <strong>D\u00e4rf\u00f6r \u00e4r det viktigt att du som akt\u00f6r inom bes\u00f6ksn\u00e4ringen deltar n\u00e4r vi skickar ut enk\u00e4ten.<\/strong><\/p>\n\n\n\n<p>Vi genomf\u00f6r \u00e4ven pulsm\u00e4tningar i form av telefonsamtal inf\u00f6r sommaren f\u00f6r att f\u00e5 information om hur l\u00e4get ser ut inf\u00f6r sommaren f\u00f6r den v\u00e4rml\u00e4ndska bes\u00f6ksn\u00e4ringen. N\u00e4sta enk\u00e4t skickas ut under h\u00f6sten 2026.<\/p>\n\n\n\n<p><strong>Har du fr\u00e5gor om v\u00e5r pulsm\u00e4tning eller vill ta del av v\u00e5ra erbjudanden? Kontakta oss p\u00e5 <a href=\"mailto:info@visitvarmland.com\">info@visitvarmland.com<\/a><\/strong><\/p>\n\n\n\n<hr class=\"wp-block-separator has-alpha-channel-opacity\"\/>\n\n\n\n<h2 class=\"wp-block-heading\">Det g\u00e5r bra f\u00f6r bes\u00f6ksn\u00e4ringen \u2013 men utmaningarna \u00e4r m\u00e5nga<\/h2>\n\n\n\n<p>Resultaten ger oss en fingervisning \u00f6ver vilka utmaningar bes\u00f6ksn\u00e4ringen har och vilka insatser den beh\u00f6ver. Sammanfattningsvis visar resultaten att det g\u00e5r bra f\u00f6r \u00f6ver h\u00e4lften bes\u00f6ksn\u00e4ringsf\u00f6retagen enligt dem sj\u00e4lva. <\/p>\n\n\n\n<h3 class=\"wp-block-heading\">Ekonomin st\u00f6rsta utmaningen<\/h3>\n\n\n\n<p>M\u00e5nga vittnar om att det \u00e4r tufft ekonomiskt, med exempel som \u00f6kade kostnader f\u00f6r bland annat personal och r\u00e5varor. Flera akt\u00f6rer uppger att det \u00e4r sv\u00e5rt att f\u00e5 ekonomin att g\u00e5 ihop utanf\u00f6r huvuds\u00e4songen eller p\u00e5verkas av exempelvis kortare och varmare vinters\u00e4songer. F\u00f6r akt\u00f6rer inom kultursektorn \u00e4r de offentliga ekonomiska bidragen viktiga f\u00f6r att verksamheten ska kunna g\u00e5 runt. Investeringar och utveckling av verksamheten, produkter och tj\u00e4nster p\u00e5 olika s\u00e4tt \u00e4r n\u00e5got som \u00e4r ett \u00e5terkommande behov bland svaren \u2013 \u00e4ven h\u00e4r \u00e4r ekonomin en begr\u00e4nsning.<\/p>\n\n\n\n<p>Att locka och f\u00e5 fler kunder \u00e4r en stor utmaning f\u00f6r m\u00e5nga akt\u00f6rer \u2013 likas\u00e5 att f\u00e5 dem att stanna l\u00e4nge. Att kunderna ska ha k\u00e4nnedom om akt\u00f6rerna och deras erbjudanden \u00e4r ocks\u00e5 en utmaning \u2013 en effekt av att m\u00e5nga tycker det \u00e4r sv\u00e5rt att f\u00e5 synlighet. N\u00e4r det g\u00e4ller marknader s\u00e5 var svarsf\u00f6rdelningen v\u00e4ntad med Sverige som starkaste marknad tillsammans med Tyskland och Norge. <\/p>\n\n\n\n<p>Flera f\u00f6retag tycker ocks\u00e5 att det \u00e4r sv\u00e5rt att hitta kompetent personal och n\u00e5gra \u00f6nskar kunniga kulturarbetare eller personer \u00f6ver 20 \u00e5r som vill jobba p\u00e5 landsbygden.<\/p>\n\n\n\n<h3 class=\"wp-block-heading\"><strong>Samverkan en v\u00e4g fram\u00e5t<\/strong><\/h3>\n\n\n\n<p>M\u00e5nga f\u00f6retag lyfter att det lokala utbudet, platsutveckling och samverkan \u00e4r viktigt f\u00f6r att de ska kunna utveckla och st\u00e4rka sin verksamhet men ocks\u00e5 platsen. Vanligaste svaren ber\u00f6r d\u00e4remot investeringar och produktutveckling, marknadsf\u00f6ring och ekonomi \u2013 de viktigaste ingredienserna f\u00f6r att f\u00f6retagen ska kunna v\u00e4xa. <\/p>\n\n\n\n<p><\/p>\n\n\n\n<hr class=\"wp-block-separator has-alpha-channel-opacity\"\/>\n\n\n\n<h2 class=\"wp-block-heading\"><strong>Fr\u00e5ga 1 \u2013 Var kom g\u00e4sterna i huvudsak ifr\u00e5n?<\/strong><\/h2>\n\n\n\n<p><em>Nedan listas de fem marknaderna som var vanligast f\u00f6rekommande bland svaren. Procentsatsen avser i hur stor utstr\u00e4ckning landet f\u00f6rekom bland svaren.<\/em><\/p>\n\n\n\n<ol class=\"wp-block-list\">\n<li><strong>Sverige \u2013 75 %<\/strong><\/li>\n\n\n\n<li><strong>Tyskland \u2013 40\u202f%<\/strong><\/li>\n\n\n\n<li><strong>Norge \u2013 37\u202f%<\/strong><\/li>\n\n\n\n<li><strong>Nederl\u00e4nderna \u2013 32 %<\/strong><\/li>\n\n\n\n<li><strong>Danmark \u2013 19\u202f%<\/strong><\/li>\n<\/ol>\n\n\n\n<p>\u00d6vriga l\u00e4nder som f\u00f6rekom bland svaren var Belgien, Schweiz och Frankrike. <\/p>\n\n\n\n<hr class=\"wp-block-separator has-alpha-channel-opacity\"\/>\n\n\n\n<h2 class=\"wp-block-heading\"><strong>Fr\u00e5ga 2 \u2013 Hur g\u00e5r det f\u00f6r din verksamhet?<\/strong><\/h2>\n\n\n\n<p><em>Ett svar av 72 kunde inte klassificeras.<\/em><\/p>\n\n\n\n<ol class=\"wp-block-list\">\n<li><strong>Mycket bra \u2013 13 %<\/strong><\/li>\n\n\n\n<li><strong>Bra \u2013 44 %<\/strong><\/li>\n\n\n\n<li><strong>Okej \u2013 31 %<\/strong><\/li>\n\n\n\n<li><strong>D\u00e5ligt \u2013 11 %<\/strong><\/li>\n<\/ol>\n\n\n\n<hr class=\"wp-block-separator has-alpha-channel-opacity\"\/>\n\n\n\n<h2 class=\"wp-block-heading\"><strong>Fr\u00e5ga 3 \u2013 Ser du n\u00e5gra utmaningar f\u00f6r din verksamhet?<\/strong><\/h2>\n\n\n\n<p><em><em>Nedan listas de fem teman som var vanligast f\u00f6rekommande bland svaren. Procentsatsen avser i hur stor utstr\u00e4ckning temat f\u00f6rekom bland svaren.<\/em><\/em><\/p>\n\n\n\n<ol class=\"wp-block-list\">\n<li><strong>Ekonomi\/st\u00f6d 22 %<\/strong><\/li>\n\n\n\n<li><strong>Kunder\/efterfr\u00e5gan 21 %<\/strong><\/li>\n\n\n\n<li><strong>Produkt\/tj\u00e4nsteutveckling\/investering 15 %<\/strong><\/li>\n\n\n\n<li><strong>\u00d6vrigt 15 %<\/strong><\/li>\n\n\n\n<li><strong>Personal\/rekrytering 14 %<\/strong><\/li>\n<\/ol>\n\n\n\n<p><\/p>\n\n\n\n<h3 class=\"wp-block-heading\"><strong>\u00d6vriga tema<\/strong>n<\/h3>\n\n\n\n<ul class=\"wp-block-list\">\n<li>V\u00e4der\/klimat <\/li>\n\n\n\n<li>S\u00e4songsutmaningar<\/li>\n\n\n\n<li>Marknadsf\u00f6ring&nbsp; <\/li>\n\n\n\n<li>Inga utmaningar <\/li>\n\n\n\n<li>\u00c4garskifte\/avveckling <\/li>\n\n\n\n<li>Infrastruktur <\/li>\n\n\n\n<li>Lokalt utbud <\/li>\n\n\n\n<li>Regelkr\u00e5ngel&nbsp; <\/li>\n\n\n\n<li>Konkurrens<\/li>\n<\/ul>\n\n\n\n<hr class=\"wp-block-separator has-alpha-channel-opacity\"\/>\n\n\n\n<h2 class=\"wp-block-heading\"><strong>Fr\u00e5ga 4 \u2013 Vad anser du \u00e4r viktigt f\u00f6r din verksamhets utveckling?<\/strong><\/h2>\n\n\n\n<p><em><em><em>Nedan listas de fem teman som var vanligast f\u00f6rekommande bland svaren. Procentsatsen avser i hur stor utstr\u00e4ckning temat f\u00f6rekom bland svaren.<\/em><\/em><\/em><\/p>\n\n\n\n<ol class=\"wp-block-list\">\n<li><strong>Produkt\/tj\u00e4nsteutveckling\/investering 28 %<\/strong><\/li>\n\n\n\n<li><strong>Marknadsf\u00f6ring 28 %<\/strong><\/li>\n\n\n\n<li><strong>Kunder\/efterfr\u00e5gan 24 %<\/strong><\/li>\n\n\n\n<li><strong>Ekonomi\/st\u00f6d 21 %<\/strong><\/li>\n\n\n\n<li><strong>Lokalt utbud 18 %<\/strong><\/li>\n<\/ol>\n\n\n\n<p><\/p>\n\n\n\n<h3 class=\"wp-block-heading\">\u00d6vriga teman<\/h3>\n\n\n\n<ul class=\"wp-block-list\">\n<li>Samverkan<\/li>\n\n\n\n<li>Platsutveckling <\/li>\n\n\n\n<li>Personal (hitta kompetent personal)<\/li>\n\n\n\n<li>Infrastruktur (ex v\u00e4gar, vatten)<\/li>\n\n\n\n<li>\u00d6vrigt<\/li>\n\n\n\n<li>S\u00e4songsutmaningar (ex kortare s\u00e4song, f\u00e4rre kunder p\u00e5 l\u00e5gs\u00e4song)<\/li>\n\n\n\n<li>Minskad administration\/regelkr\u00e5ngel<\/li>\n\n\n\n<li>V\u00e4der\/klimat<\/li>\n<\/ul>\n\n\n\n<hr class=\"wp-block-separator has-alpha-channel-opacity\"\/>\n\n\n\n<h2 class=\"wp-block-heading\">Om enk\u00e4ten<\/h2>\n\n\n\n<p>2025 \u00e5rs pulsm\u00e4tning skickades ut till \u00f6ver 500 mottagare och fick totalt 72 svar med en svarsfrekvens p\u00e5 13 procent. Vi kommer att arbeta f\u00f6r att \u00f6ka antalet svar under 2026 \u00e5rs pulsm\u00e4tning \u2013 era svar \u00e4r viktiga f\u00f6r oss!<\/p>\n\n\n\n<p><\/p>\n\n\n\n<p><\/p>\n","protected":false},"author":383,"featured_media":7007,"template":"","class_list":["post-6980","news","type-news","status-publish","has-post-thumbnail","hentry"],"acf":[],"lang":"sv","translations":{"sv":6980},"pll_sync_post":[],"_links":{"self":[{"href":"https:\/\/www.visitvarmland.com\/corporate\/wp-json\/wp\/v2\/news\/6980","targetHints":{"allow":["GET"]}}],"collection":[{"href":"https:\/\/www.visitvarmland.com\/corporate\/wp-json\/wp\/v2\/news"}],"about":[{"href":"https:\/\/www.visitvarmland.com\/corporate\/wp-json\/wp\/v2\/types\/news"}],"author":[{"embeddable":true,"href":"https:\/\/www.visitvarmland.com\/corporate\/wp-json\/wp\/v2\/users\/383"}],"wp:featuredmedia":[{"embeddable":true,"href":"https:\/\/www.visitvarmland.com\/corporate\/wp-json\/wp\/v2\/media\/7007"}],"wp:attachment":[{"href":"https:\/\/www.visitvarmland.com\/corporate\/wp-json\/wp\/v2\/media?parent=6980"}],"curies":[{"name":"wp","href":"https:\/\/api.w.org\/{rel}","templated":true}]}}