{"id":7110,"date":"2026-03-18T15:15:56","date_gmt":"2026-03-18T14:15:56","guid":{"rendered":"https:\/\/www.visitvarmland.com\/corporate\/?post_type=news&#038;p=7110"},"modified":"2026-03-18T15:15:56","modified_gmt":"2026-03-18T14:15:56","slug":"trahotellet-far-ny-plats-i-karlstad-viktigt-steg-framat","status":"publish","type":"news","link":"https:\/\/www.visitvarmland.com\/corporate\/nyheter\/trahotellet-far-ny-plats-i-karlstad-viktigt-steg-framat\/","title":{"rendered":"Tr\u00e4hotellet f\u00e5r ny plats i Karlstad \u2013 viktigt steg fram\u00e5t"},"content":{"rendered":"\n<p>Planerna p\u00e5 ett tr\u00e4hotell i centrala Karlstad forts\u00e4tter fram\u00e5t \u2013 nu med en ny t\u00e4nkt placering intill Tr\u00e4dg\u00e5rdsl\u00e4nken, n\u00e4ra Stadstr\u00e4dg\u00e5rden. H\u00e4r vill Karlstads kommun tillsammans med norska AB Invest AS utveckla ett hotell i tr\u00e4 med tydlig h\u00e5llbarhetsprofil.<\/p>\n\n\n\n<p>F\u00f6r Karlstad och V\u00e4rmland \u00e4r det h\u00e4r en viktig satsning. Fler hotellrum beh\u00f6vs f\u00f6r att m\u00f6ta efterfr\u00e5gan och skapa utrymme f\u00f6r fler bes\u00f6kare, \u00e5ret runt. Det st\u00e4rker m\u00f6jligheterna att locka st\u00f6rre m\u00f6ten, konserter och evenemang \u2013 och bidrar till att utveckla destinationen som helhet.<\/p>\n\n\n\n<p>\u2013 Det k\u00e4nns v\u00e4ldigt sp\u00e4nnande och vi \u00e4r v\u00e4ldigt n\u00f6jda s\u00e5 h\u00e4r l\u00e5ngt med utfallet. Det h\u00e4r projektet kommer att betyda mycket f\u00f6r den v\u00e4rml\u00e4ndska bes\u00f6ksn\u00e4ringen och det skapar nya m\u00f6tesplatser, s\u00e4ger Visit V\u00e4rmlands vd Mia Landin.<\/p>\n\n\n\n<p>N\u00e4sta steg \u00e4r att kommunen ska skriva ett markanvisningsavtal med AB Invest AS. Om planerna g\u00e5r vidare kan hotellet st\u00e5 klart 2028. <\/p>\n\n\n\n<p><a href=\"https:\/\/karlstad.se\/nyheter\/startsida\/2026-03-17-forslag-om-ny-placering-for-trahotellet\" target=\"_blank\" rel=\"noopener\">L\u00e4s mer hos Karlstads kommun.<\/a><\/p>\n\n\n\n<p><\/p>\n","protected":false},"author":383,"featured_media":7124,"template":"","class_list":["post-7110","news","type-news","status-publish","has-post-thumbnail","hentry"],"acf":[],"lang":"sv","translations":{"sv":7110},"pll_sync_post":[],"_links":{"self":[{"href":"https:\/\/www.visitvarmland.com\/corporate\/wp-json\/wp\/v2\/news\/7110","targetHints":{"allow":["GET"]}}],"collection":[{"href":"https:\/\/www.visitvarmland.com\/corporate\/wp-json\/wp\/v2\/news"}],"about":[{"href":"https:\/\/www.visitvarmland.com\/corporate\/wp-json\/wp\/v2\/types\/news"}],"author":[{"embeddable":true,"href":"https:\/\/www.visitvarmland.com\/corporate\/wp-json\/wp\/v2\/users\/383"}],"wp:featuredmedia":[{"embeddable":true,"href":"https:\/\/www.visitvarmland.com\/corporate\/wp-json\/wp\/v2\/media\/7124"}],"wp:attachment":[{"href":"https:\/\/www.visitvarmland.com\/corporate\/wp-json\/wp\/v2\/media?parent=7110"}],"curies":[{"name":"wp","href":"https:\/\/api.w.org\/{rel}","templated":true}]}}