{"id":799,"date":"2021-11-23T13:05:41","date_gmt":"2021-11-23T12:05:41","guid":{"rendered":"https:\/\/www.visitvarmland.com\/visitvarmland-org\/?post_type=news&#038;p=799"},"modified":"2024-06-03T17:47:12","modified_gmt":"2024-06-03T15:47:12","slug":"nytt-fran-region-varmlands-kulturavdelning","status":"publish","type":"news","link":"https:\/\/www.visitvarmland.com\/corporate\/nyheter\/nytt-fran-region-varmlands-kulturavdelning\/","title":{"rendered":"Nytt fr\u00e5n Region V\u00e4rmlands kulturavdelning"},"content":{"rendered":"\n<p>L\u00e4s om bland annat:<\/p>\n\n\n\n<ul class=\"wp-block-list\"><li>V\u00e4rmlands bokfestival bjuder p\u00e5 flera v\u00e4rml\u00e4ndska debutanter<\/li><li>Utlysning mentorprogram sl\u00f6jd, dans &amp; cirkus och litteratur<\/li><li>Kulturkartan &#8211; en guide till V\u00e4rmlands kulturliv<\/li><li>V\u00e4rmlands kulturplan \u00e4r klar<\/li><\/ul>\n\n\n\n<div class=\"wp-block-atheme-component-action-button atheme-wrapper--action-button-single\"><a href=\"https:\/\/www.idrelay.com\/v4_idrweb.asp?q=CA3C-7E3-EA09-7B\" target=\"_self\" class=\"a-action a-action--arrow\" rel=\"noopener\"><span>L\u00e4s utskicket<\/span><\/a><\/div>\n","protected":false},"author":3,"featured_media":0,"template":"","class_list":["post-799","news","type-news","status-publish","hentry"],"acf":[],"lang":"sv","translations":{"sv":799},"pll_sync_post":[],"_links":{"self":[{"href":"https:\/\/www.visitvarmland.com\/corporate\/wp-json\/wp\/v2\/news\/799","targetHints":{"allow":["GET"]}}],"collection":[{"href":"https:\/\/www.visitvarmland.com\/corporate\/wp-json\/wp\/v2\/news"}],"about":[{"href":"https:\/\/www.visitvarmland.com\/corporate\/wp-json\/wp\/v2\/types\/news"}],"author":[{"embeddable":true,"href":"https:\/\/www.visitvarmland.com\/corporate\/wp-json\/wp\/v2\/users\/3"}],"wp:attachment":[{"href":"https:\/\/www.visitvarmland.com\/corporate\/wp-json\/wp\/v2\/media?parent=799"}],"curies":[{"name":"wp","href":"https:\/\/api.w.org\/{rel}","templated":true}]}}