{"id":8,"date":"2021-10-21T21:50:00","date_gmt":"2021-10-21T19:50:00","guid":{"rendered":"https:\/\/www.visitvarmland.com\/visitvarmland-org\/?post_type=news&#038;p=8"},"modified":"2024-06-03T17:47:12","modified_gmt":"2024-06-03T15:47:12","slug":"beslutade-arenden-om-korttidsstod-nu-offentliga","status":"publish","type":"news","link":"https:\/\/www.visitvarmland.com\/corporate\/nyheter\/beslutade-arenden-om-korttidsstod-nu-offentliga\/","title":{"rendered":"Beslutade \u00e4renden om korttidsst\u00f6d nu offentliga"},"content":{"rendered":"\n<p>Fr\u00e5n och med 21 okt 2021 \u00e4r alla beslut f\u00f6r korttidsst\u00f6d offentliga. Nu kan du ta del av information om vilka f\u00f6retag och organisationer som har f\u00e5tt st\u00f6d och vilka som har f\u00e5tt avslag. Undantaget \u00e4r enskilda firmor och \u00e4renden d\u00e4r det g\u00e5r att identifiera vem ans\u00f6kan avser. Besluten som g\u00e4ller det ordinarie st\u00f6det omfattas inte av den h\u00e4r tj\u00e4nsten.<\/p>\n","protected":false},"author":379,"featured_media":0,"template":"","class_list":["post-8","news","type-news","status-publish","hentry"],"acf":[],"lang":"sv","translations":{"sv":8},"pll_sync_post":[],"_links":{"self":[{"href":"https:\/\/www.visitvarmland.com\/corporate\/wp-json\/wp\/v2\/news\/8","targetHints":{"allow":["GET"]}}],"collection":[{"href":"https:\/\/www.visitvarmland.com\/corporate\/wp-json\/wp\/v2\/news"}],"about":[{"href":"https:\/\/www.visitvarmland.com\/corporate\/wp-json\/wp\/v2\/types\/news"}],"author":[{"embeddable":true,"href":"https:\/\/www.visitvarmland.com\/corporate\/wp-json\/wp\/v2\/users\/379"}],"wp:attachment":[{"href":"https:\/\/www.visitvarmland.com\/corporate\/wp-json\/wp\/v2\/media?parent=8"}],"curies":[{"name":"wp","href":"https:\/\/api.w.org\/{rel}","templated":true}]}}