{"id":802,"date":"2021-11-23T13:11:25","date_gmt":"2021-11-23T12:11:25","guid":{"rendered":"https:\/\/www.visitvarmland.com\/visitvarmland-org\/?post_type=news&#038;p=802"},"modified":"2024-06-03T17:47:12","modified_gmt":"2024-06-03T15:47:12","slug":"vinnaren-av-stora-turismpriset-koras-24-november","status":"publish","type":"news","link":"https:\/\/www.visitvarmland.com\/corporate\/nyheter\/vinnaren-av-stora-turismpriset-koras-24-november\/","title":{"rendered":"Vinnaren av Stora Turismpriset koras 24 november"},"content":{"rendered":"\n<p>Den 24 november koras vinnaren av Stora Turismpriset. V\u00e4rmlands bidrag 2021 \u00e4r Gamla Kraftstationen &#8211; kultur &amp; caf\u00e9 i Deje. B\u00e4nka dig framf\u00f6r din digala favoritenhet och heja fram Linn S\u00f6nsteb\u00f6 Mossberg och hennes g\u00e4ng i den prestigefyllda t\u00e4vlingen.H\u00e4r finns mer informatio och en l\u00e4nk till prisutdelningen av Stora Turismpriset och \u00c5rets Ciceron den 24 november kl 17.00:<a href=\"https:\/\/api.screen9.com\/preview\/XoHYkBvaIWwLXL36DkQtpDCwjp8-KD6_bTLfkF6Z8rk5eHzKytXZcfirC9L_3JUz\" target=\"_blank\" rel=\"noopener\">Se pridutdelningen<\/a><\/p>\n\n\n\n<div class=\"wp-block-atheme-component-action-button atheme-wrapper--action-button-single\"><a href=\"https:\/\/tillvaxtverket.se\/vara-tjanster\/evenemang\/evenemang-2021\/2021-11-14-stora-turismpriset-och-arets-ciceron---prisutdelning.html\" target=\"_self\" class=\"a-action a-action--arrow\" rel=\"noopener\"><span>L\u00e4s mer<\/span><\/a><\/div>\n","protected":false},"author":3,"featured_media":0,"template":"","class_list":["post-802","news","type-news","status-publish","hentry"],"acf":[],"lang":"sv","translations":{"sv":802},"pll_sync_post":[],"_links":{"self":[{"href":"https:\/\/www.visitvarmland.com\/corporate\/wp-json\/wp\/v2\/news\/802","targetHints":{"allow":["GET"]}}],"collection":[{"href":"https:\/\/www.visitvarmland.com\/corporate\/wp-json\/wp\/v2\/news"}],"about":[{"href":"https:\/\/www.visitvarmland.com\/corporate\/wp-json\/wp\/v2\/types\/news"}],"author":[{"embeddable":true,"href":"https:\/\/www.visitvarmland.com\/corporate\/wp-json\/wp\/v2\/users\/3"}],"wp:attachment":[{"href":"https:\/\/www.visitvarmland.com\/corporate\/wp-json\/wp\/v2\/media?parent=802"}],"curies":[{"name":"wp","href":"https:\/\/api.w.org\/{rel}","templated":true}]}}