{"id":809,"date":"2021-11-23T13:26:21","date_gmt":"2021-11-23T12:26:21","guid":{"rendered":"https:\/\/www.visitvarmland.com\/visitvarmland-org\/?post_type=news&#038;p=809"},"modified":"2024-06-03T17:47:12","modified_gmt":"2024-06-03T15:47:12","slug":"ansok-om-korttidsstod-for-juli-september","status":"publish","type":"news","link":"https:\/\/www.visitvarmland.com\/corporate\/nyheter\/ansok-om-korttidsstod-for-juli-september\/","title":{"rendered":"Ans\u00f6k om korttidsst\u00f6d f\u00f6r juli-september"},"content":{"rendered":"\n<p>Mellan 3 och 30 november \u00e4r det m\u00f6jligt att ans\u00f6ka om korttidsst\u00f6d f\u00f6r perioden juli\u2013september 2021. Om du s\u00f6kt tidigare under 2021 och inte f\u00e5tt n\u00e5got beslut kan du \u00e4nd\u00e5 ans\u00f6ka om st\u00f6d f\u00f6r perioden.<\/p>\n\n\n\n<div class=\"wp-block-atheme-component-action-button atheme-wrapper--action-button-single\"><a href=\"https:\/\/tillvaxtverket.se\/om-tillvaxtverket\/information-och-stod-kring-coronakrisen\/korttidsarbete\/korttidsarbete-2021\/ansok-om-korttidsarbete-2021\/ansok-om-korttidsarbete-juli-september-2021.html?utm_medium=email&amp;utm_source=Ungapped&amp;utm_campaign=nyhetsbrev-verksamt-2143&amp;ug_cid=d8d47518-af4a-450c-b542-036a5190d581\" target=\"_self\" class=\"a-action a-action--arrow\" rel=\"noopener\"><span>L\u00e4s mer och ans\u00f6k<\/span><\/a><\/div>\n","protected":false},"author":3,"featured_media":0,"template":"","class_list":["post-809","news","type-news","status-publish","hentry"],"acf":[],"lang":"sv","translations":{"sv":809},"pll_sync_post":[],"_links":{"self":[{"href":"https:\/\/www.visitvarmland.com\/corporate\/wp-json\/wp\/v2\/news\/809","targetHints":{"allow":["GET"]}}],"collection":[{"href":"https:\/\/www.visitvarmland.com\/corporate\/wp-json\/wp\/v2\/news"}],"about":[{"href":"https:\/\/www.visitvarmland.com\/corporate\/wp-json\/wp\/v2\/types\/news"}],"author":[{"embeddable":true,"href":"https:\/\/www.visitvarmland.com\/corporate\/wp-json\/wp\/v2\/users\/3"}],"wp:attachment":[{"href":"https:\/\/www.visitvarmland.com\/corporate\/wp-json\/wp\/v2\/media?parent=809"}],"curies":[{"name":"wp","href":"https:\/\/api.w.org\/{rel}","templated":true}]}}