{"id":813,"date":"2021-11-23T13:47:55","date_gmt":"2021-11-23T12:47:55","guid":{"rendered":"https:\/\/www.visitvarmland.com\/visitvarmland-org\/?post_type=news&#038;p=813"},"modified":"2024-06-03T17:47:12","modified_gmt":"2024-06-03T15:47:12","slug":"verksamt-se-informerar-om-nya-regler","status":"publish","type":"news","link":"https:\/\/www.visitvarmland.com\/corporate\/nyheter\/verksamt-se-informerar-om-nya-regler\/","title":{"rendered":"Verksamt.se informerar om nya regler"},"content":{"rendered":"\n<ul class=\"wp-block-list\"><li>Den 1 oktober upph\u00f6r flera av de tillf\u00e4lliga ers\u00e4ttningar som F\u00f6rs\u00e4kringskassan har hanterat under pandemin. Det g\u00e4ller bland annat ers\u00e4ttning f\u00f6r karens och h\u00f6ga sjukl\u00f6nekostnader liksom undantaget som g\u00e4llt f\u00f6r l\u00e4karintyg.<\/li><li>1 oktober b\u00f6rjar den permanenta lagen f\u00f6r korttidsarbete att g\u00e4lla och det tillf\u00e4lliga krisst\u00f6det med extra f\u00f6rm\u00e5nliga villkor upph\u00f6r.<\/li><li>Omst\u00e4llningsst\u00f6d f\u00f6r augusti och september.<\/li><li>Skatteverket tar bort exempel p\u00e5 friskv\u00e5rdsaktiviteter<\/li><li>Vad g\u00e4ller f\u00f6r internationell arbetskraft?<\/li><li>St\u00f6d f\u00f6r att rekrytera inkluderande<\/li><\/ul>\n\n\n\n<div class=\"wp-block-atheme-component-action-button atheme-wrapper--action-button-single\"><a href=\"https:\/\/ui.ungpd.com\/Issues\/eb5af161-233c-442c-bb5b-9beb324b9155?AccountId=e5f0fff6-1e4f-4be0-82ca-82d5512091d6&amp;ContactId=d8d47518-af4a-450c-b542-036a5190d581&amp;IssueId=eb5af161-233c-442c-bb5b-9beb324b9155&amp;ir=cc94e327-7d43-4325-8437-5e946a5bd0ae\" target=\"_self\" class=\"a-action a-action--arrow\" rel=\"noopener\"><span>L\u00e4s nyhetsbrevet<\/span><\/a><\/div>\n\n\n\n<p><\/p>\n","protected":false},"author":3,"featured_media":0,"template":"","class_list":["post-813","news","type-news","status-publish","hentry"],"acf":[],"lang":"sv","translations":{"sv":813},"pll_sync_post":[],"_links":{"self":[{"href":"https:\/\/www.visitvarmland.com\/corporate\/wp-json\/wp\/v2\/news\/813","targetHints":{"allow":["GET"]}}],"collection":[{"href":"https:\/\/www.visitvarmland.com\/corporate\/wp-json\/wp\/v2\/news"}],"about":[{"href":"https:\/\/www.visitvarmland.com\/corporate\/wp-json\/wp\/v2\/types\/news"}],"author":[{"embeddable":true,"href":"https:\/\/www.visitvarmland.com\/corporate\/wp-json\/wp\/v2\/users\/3"}],"wp:attachment":[{"href":"https:\/\/www.visitvarmland.com\/corporate\/wp-json\/wp\/v2\/media?parent=813"}],"curies":[{"name":"wp","href":"https:\/\/api.w.org\/{rel}","templated":true}]}}