{"id":814,"date":"2021-11-23T13:53:29","date_gmt":"2021-11-23T12:53:29","guid":{"rendered":"https:\/\/www.visitvarmland.com\/visitvarmland-org\/?post_type=news&#038;p=814"},"modified":"2024-06-03T17:47:11","modified_gmt":"2024-06-03T15:47:11","slug":"varmland-och-karlstads-besoksnaringsdagar-2021","status":"publish","type":"news","link":"https:\/\/www.visitvarmland.com\/corporate\/nyheter\/varmland-och-karlstads-besoksnaringsdagar-2021\/","title":{"rendered":"V\u00e4rmland och Karlstads Bes\u00f6ksn\u00e4ringsdagar 2021"},"content":{"rendered":"\n<p>Den 2-3 december \u00e4r det dags f\u00f6r V\u00e4rmland och Karlstads bes\u00f6ksn\u00e4ringsdagar 2021. Tv\u00e5 dagar med temat&nbsp;Attraktiva platser med m\u00e4nniskan i centrum som fylls med inspirerande g\u00e4stf\u00f6rel\u00e4sare, innovativa exempel fr\u00e5n bes\u00f6ksn\u00e4ringsbranschen och trender f\u00f6r framtiden.<\/p>\n\n\n\n<p>\u2013&nbsp;Vi ser verkligen fram emot att \u00e4ntligen f\u00e5 v\u00e4lkomna V\u00e4rmlands bes\u00f6ksn\u00e4ring, tj\u00e4nstepersoner, politik och akademin till V\u00e4rmland och Karlstads bes\u00f6ksn\u00e4ringsdagar och att f\u00e5 tr\u00e4ffas fysiskt igen f\u00f6r att f\u00e5 nya intryck och utbyta goda id\u00e9er med varandra efter ett l\u00e5ngt uppeh\u00e5ll p\u00e5 grund av pandemin. Attraktiva platser med m\u00e4nniskan i centrum \u00e4r temat f\u00f6r \u00e5rets bes\u00f6ksn\u00e4ringsdagar och \u00e4r ett av de insatsomr\u00e5dena i V\u00e4rmlandsstrategin 2040. En insats som \u00e4r en otroligt viktig del f\u00f6r V\u00e4rmlands bes\u00f6ksn\u00e4ring och f\u00f6r bes\u00f6ksn\u00e4ringen i stort, s\u00e4ger Mia Landin, vd p\u00e5 Visit V\u00e4rmland.<\/p>\n\n\n\n<p>I \u00e5r h\u00e5lls bes\u00f6ksn\u00e4ringsdagarna i Karlstad fr\u00e5n lunch till lunch p\u00e5 Karlstad CCC och temat f\u00f6r \u00e5rets bes\u00f6ksn\u00e4ringsdagar \u00e4r Attraktiva platser med m\u00e4nniskan i centrum. Under de tv\u00e5 dagarna samlas representanter fr\u00e5n bes\u00f6ksn\u00e4ringen f\u00f6r att ta del av ny kunskap och inspireras genom olika f\u00f6rel\u00e4sningar. Bland annat f\u00f6rel\u00e4ser reseexperten Lottie Knutsson som tar g\u00e4sterna genom framtidens trender, Moa Bj\u00f6rnson, utvecklingschef p\u00e5 Tr\u00e6na i Norge pratar om platsers potential och Anders Johansson, kr\u00f6nik\u00f6r p\u00e5 Bes\u00f6ksliv ber\u00e4ttar om vikten att t\u00e4nka nytt och anpassa sin verksamhet till nya f\u00f6ruts\u00e4ttningar. P\u00e5 plats delar ocks\u00e5 nationella och lokala akt\u00f6rer i V\u00e4rmland med sig av goda exempel och innovativa l\u00f6sningar och g\u00e4sterna f\u00e5r m\u00f6jlighet att n\u00e4tverka med andra yrkesverksamma inom bes\u00f6ksn\u00e4ringen.<\/p>\n\n\n\n<p>\u2013&nbsp;I \u00e5r k\u00e4nns det extra viktigt att bjuda in till bes\u00f6ksn\u00e4ringsdagar. Det har varit en extremt tuff tid f\u00f6r bes\u00f6ksn\u00e4ringen och vi beh\u00f6ver lyfta blicken f\u00f6r att f\u00f6rst\u00e5 vad som \u00e4r viktigast att satsa p\u00e5. Dels vet vi att vissa m\u00e5lgrupper och marknader inte kommer komma tillbaka s\u00e5 snabbt som vi \u00f6nskar. Vi beh\u00f6ver tillsammans med bes\u00f6ksn\u00e4ringen rusta oss f\u00f6r en f\u00f6r\u00e4ndring. Det g\u00f6r att samverkan mellan det offentliga och det privata just nu \u00e4r extra viktig. Karlstad har varje \u00e5r en bes\u00f6ksn\u00e4ringsdag, men vartannat \u00e5r genomf\u00f6r vi tv\u00e5 bes\u00f6ksn\u00e4ringsdagar tillsammans med Visit V\u00e4rmland i Karlstad och det k\u00e4nns extra bra med detta samarbete i \u00e5r, s\u00e4ger Maria Westin, turismchef Karlstads kommun.<\/p>\n\n\n\n<p>F\u00f6rutom inspirerande f\u00f6rel\u00e4sningar bjuder bes\u00f6ksn\u00e4ringsdagarna 2021 p\u00e5 en h\u00e4rlig kv\u00e4ll p\u00e5 Elite Stadshotellet i Karlstad. Under kv\u00e4llen delas \u00e4ven priser ut till \u00e5rets vinnare av V\u00e4rmlands Turismpris 2021, \u00c5rets uppstickare och \u00c5rets uppsats.<\/p>\n\n\n\n<div class=\"wp-block-atheme-component-action-button atheme-wrapper--action-button-single\"><a href=\"https:\/\/www.mynewsdesk.com\/se\/visitvarmland\/pressreleases\/vaermland-och-karlstads-besoeksnaeringsdagar-2021-3131403\" target=\"_self\" class=\"a-action a-action--arrow\" rel=\"noopener\"><span>Till pressmeddelandet<\/span><\/a><\/div>\n","protected":false},"author":3,"featured_media":0,"template":"","class_list":["post-814","news","type-news","status-publish","hentry"],"acf":[],"lang":"sv","translations":{"sv":814},"pll_sync_post":[],"_links":{"self":[{"href":"https:\/\/www.visitvarmland.com\/corporate\/wp-json\/wp\/v2\/news\/814","targetHints":{"allow":["GET"]}}],"collection":[{"href":"https:\/\/www.visitvarmland.com\/corporate\/wp-json\/wp\/v2\/news"}],"about":[{"href":"https:\/\/www.visitvarmland.com\/corporate\/wp-json\/wp\/v2\/types\/news"}],"author":[{"embeddable":true,"href":"https:\/\/www.visitvarmland.com\/corporate\/wp-json\/wp\/v2\/users\/3"}],"wp:attachment":[{"href":"https:\/\/www.visitvarmland.com\/corporate\/wp-json\/wp\/v2\/media?parent=814"}],"curies":[{"name":"wp","href":"https:\/\/api.w.org\/{rel}","templated":true}]}}