{"id":817,"date":"2021-11-23T14:03:04","date_gmt":"2021-11-23T13:03:04","guid":{"rendered":"https:\/\/www.visitvarmland.com\/visitvarmland-org\/?post_type=news&#038;p=817"},"modified":"2024-06-03T17:47:11","modified_gmt":"2024-06-03T15:47:11","slug":"smaka-pa-varmland-25-26-september-2021","status":"publish","type":"news","link":"https:\/\/www.visitvarmland.com\/corporate\/nyheter\/smaka-pa-varmland-25-26-september-2021\/","title":{"rendered":"Smaka p\u00e5 V\u00e4rmland 25-26 september 2021"},"content":{"rendered":"\n<p><strong>Den som vill ta del av V\u00e4rmlands alla smaker b\u00f6r g\u00f6ra sig redo, helgen den 25\u201326 september \u00e4r det n\u00e4mligen dags f\u00f6r Smaka p\u00e5 V\u00e4rmland 2021.&nbsp;Bes\u00f6k V\u00e4rmlands 106 f\u00f6retagare p\u00e5 69 olika platser runt om i V\u00e4rmland f\u00f6r att handla lokala r\u00e5varor p\u00e5 plats och smaka p\u00e5 det b\u00e4sta av V\u00e4rmland.<\/strong><\/p>\n\n\n\n<p>\u2013&nbsp;Till helgen \u00e4r bes\u00f6kare och boende i V\u00e4rmland v\u00e4lkomna att ta del av lokala mathantverk och n\u00e4rproducerade r\u00e5varor fr\u00e5n hela V\u00e4rmland. Bland alla producenter, g\u00e5rdsbutiker och verksamheter finns n\u00e4stan alla l\u00e4nets kommuner representerade och tillsammans bildar de en fantastisk smakrunda f\u00f6r alla bes\u00f6kare, s\u00e4ger Pernilla Samuelsson, projektledare p\u00e5 Nifa.<\/p>\n\n\n\n<p>Lokala producenter, g\u00e5rdsbutiker och verksamheter visar upp och s\u00e4ljer mathantverk och relaterade produkter p\u00e5 sin hemort samt via Whiteguide certifierade restauranger, caf\u00e9er och andra akt\u00f6rer som lagar mat och fika med v\u00e4rml\u00e4ndska r\u00e5varor. De drygt 100 matakt\u00f6rerna har \u00f6ppet kl. 10-16 b\u00e5de l\u00f6rdag och s\u00f6ndag och restauranger har minimum \u00f6ppet kl. 12-16 b\u00e5de l\u00f6rdag och s\u00f6ndag.<\/p>\n\n\n\n<p>\u2013&nbsp;F\u00f6r att det ska vara enkelt f\u00f6r alla bes\u00f6kare att g\u00f6ra en smakrunda genom hela V\u00e4rmland bland alla matakt\u00f6rer har vi tagit fram en tryckt och en digital karta. Tryckta kartor finns att h\u00e4mta p\u00e5 turistbyr\u00e5er och i olika butiker och den digitala kartan finns p\u00e5 visitvarmland.com. En del matakt\u00f6rer har medverkat tidigare och en del \u00e4r med f\u00f6r f\u00f6rsta g\u00e5ngen i \u00e5r vilket \u00e4r v\u00e4ldigt roligt. Flera av akt\u00f6rerna kommer att st\u00e5 tillsammans, p\u00e5 vissa plaster kan man som bes\u00f6kare hitta tv\u00e5 eller tre akt\u00f6rer ihop, s\u00e4ger Linn\u00e9a Palmqvist, Turist &amp; Destinationsutvecklare p\u00e5 Visit Kristinehamn.<\/p>\n\n\n\n<p>I \u00e5rets upplaga av Smaka p\u00e5 V\u00e4rmland 2021 finns ett stort urval av matproducenter, v\u00e4rml\u00e4ndska g\u00e5rdsbutiker samt Caf\u00e9er och restauranger. Du hittar bland annat den enda spirulinafarmen i norra Europa, flera musterier som tillverkar \u00e4ppelmust och s\u00e4ljer egentillverkad sylt och marmelad, n\u00e4rodlade gr\u00f6nsaker f\u00f6r s\u00e4song, handgjorda chokladpraliner, \u00e4gg direkt fr\u00e5n g\u00e5rden, ekologiskt k\u00f6tt, v\u00e4rml\u00e4ndsk honung och goda kombuchadrycker men \u00e4ven produkter f\u00f6r det dukade bordet som bivaxdukar och lerkrukor. Dessutom f\u00e5r bes\u00f6kare m\u00f6jligheten att se och l\u00e4ra sig hur vissa produkter framst\u00e4lls, kolla p\u00e5 fina djur som finns p\u00e5 g\u00e5rdarna eller sl\u00e5 sig ned f\u00f6r att njuta av god v\u00e4rml\u00e4ndsk mat och hemgjorda bakverk.<\/p>\n\n\n\n<p>\u2013\u00a0Vi hoppas p\u00e5 att m\u00e5nga ger sig ut i helgen och bes\u00f6ker alla matakt\u00f6rer. Smaka p\u00e5 V\u00e4rmland \u00e4r en h\u00e4rlig matfest och \u00e4r ett perfekt tillf\u00e4lle att ge sig ut f\u00f6r att uppt\u00e4cka nya platser och smaker. F\u00f6r den som \u00e5ker l\u00e4ngre och \u00f6nskar boende finns flera alternativ p\u00e5 Visit V\u00e4rmlands webb, s\u00e4ger John Zafaradl, projektledare p\u00e5 Visit V\u00e4rmland.<\/p>\n\n\n\n<div class=\"wp-block-atheme-component-action-button atheme-wrapper--action-button-single\"><a href=\"https:\/\/www.mynewsdesk.com\/se\/visitvarmland\/pressreleases\/smaka-paa-vaermland-25-26-september-2021-3129604\" target=\"_self\" class=\"a-action a-action--arrow\" rel=\"noopener\"><span>Till pressmeddelandet<\/span><\/a><\/div>\n","protected":false},"author":3,"featured_media":0,"template":"","class_list":["post-817","news","type-news","status-publish","hentry"],"acf":[],"lang":"sv","translations":{"sv":817},"pll_sync_post":[],"_links":{"self":[{"href":"https:\/\/www.visitvarmland.com\/corporate\/wp-json\/wp\/v2\/news\/817","targetHints":{"allow":["GET"]}}],"collection":[{"href":"https:\/\/www.visitvarmland.com\/corporate\/wp-json\/wp\/v2\/news"}],"about":[{"href":"https:\/\/www.visitvarmland.com\/corporate\/wp-json\/wp\/v2\/types\/news"}],"author":[{"embeddable":true,"href":"https:\/\/www.visitvarmland.com\/corporate\/wp-json\/wp\/v2\/users\/3"}],"wp:attachment":[{"href":"https:\/\/www.visitvarmland.com\/corporate\/wp-json\/wp\/v2\/media?parent=817"}],"curies":[{"name":"wp","href":"https:\/\/api.w.org\/{rel}","templated":true}]}}