{"id":819,"date":"2021-11-23T14:05:07","date_gmt":"2021-11-23T13:05:07","guid":{"rendered":"https:\/\/www.visitvarmland.com\/visitvarmland-org\/?post_type=news&#038;p=819"},"modified":"2024-06-03T17:47:11","modified_gmt":"2024-06-03T15:47:11","slug":"sok-affarsutvecklingscheckar","status":"publish","type":"news","link":"https:\/\/www.visitvarmland.com\/corporate\/nyheter\/sok-affarsutvecklingscheckar\/","title":{"rendered":"S\u00f6k aff\u00e4rsutvecklingscheckar"},"content":{"rendered":"\n<p>Nu finns det m\u00f6jlighet f\u00f6r f\u00f6retag att s\u00f6ka st\u00f6dfinansiering f\u00f6r att utveckla verksamheten i en mer socialt, ekonomiskt eller milj\u00f6m\u00e4ssigt h\u00e5llbar riktning. St\u00f6det ges i form av Aff\u00e4rsutvecklingscheckar och kan s\u00f6kas fr\u00e5n och med den 13 september 2021.<\/p>\n\n\n\n<div class=\"wp-block-atheme-component-action-button atheme-wrapper--action-button-single\"><a href=\"https:\/\/www.regionvarmland.se\/regionvarmland\/utveckling-tillvaxt\/projektmedel-bidrag-och-foretagsstod\/regionala-foretagsstod\/affarsutvecklingscheckar?fbclid=IwAR0g63_MIONizhAE_2EOWypujt9c7jpuXdKWYjnGumH0hawZU524t2OoFek\" target=\"_self\" class=\"a-action a-action--arrow\" rel=\"noopener\"><span>L\u00e4s mer h\u00e4r<\/span><\/a><\/div>\n","protected":false},"author":3,"featured_media":0,"template":"","class_list":["post-819","news","type-news","status-publish","hentry"],"acf":[],"lang":"sv","translations":{"sv":819},"pll_sync_post":[],"_links":{"self":[{"href":"https:\/\/www.visitvarmland.com\/corporate\/wp-json\/wp\/v2\/news\/819","targetHints":{"allow":["GET"]}}],"collection":[{"href":"https:\/\/www.visitvarmland.com\/corporate\/wp-json\/wp\/v2\/news"}],"about":[{"href":"https:\/\/www.visitvarmland.com\/corporate\/wp-json\/wp\/v2\/types\/news"}],"author":[{"embeddable":true,"href":"https:\/\/www.visitvarmland.com\/corporate\/wp-json\/wp\/v2\/users\/3"}],"wp:attachment":[{"href":"https:\/\/www.visitvarmland.com\/corporate\/wp-json\/wp\/v2\/media?parent=819"}],"curies":[{"name":"wp","href":"https:\/\/api.w.org\/{rel}","templated":true}]}}