{"id":821,"date":"2021-11-23T14:09:56","date_gmt":"2021-11-23T13:09:56","guid":{"rendered":"https:\/\/www.visitvarmland.com\/visitvarmland-org\/?post_type=news&#038;p=821"},"modified":"2024-06-03T17:47:11","modified_gmt":"2024-06-03T15:47:11","slug":"pa-tal-om-kvinnor-och-man-2021","status":"publish","type":"news","link":"https:\/\/www.visitvarmland.com\/corporate\/nyheter\/pa-tal-om-kvinnor-och-man-2021\/","title":{"rendered":"P\u00e5 tal om kvinnor och m\u00e4n 2021"},"content":{"rendered":"\n<p>Nu har statistiksammanst\u00e4llningen P\u00e5 tal om kvinnor och m\u00e4n 2021 sl\u00e4ppts. Den visar att j\u00e4mst\u00e4lldheten i V\u00e4rmland l\u00e5ngsamt blir b\u00e4ttre inom vissa omr\u00e5den, men st\u00e5r stilla inom andra.<\/p>\n\n\n\n<div class=\"wp-block-atheme-component-action-button atheme-wrapper--action-button-single\"><a href=\"https:\/\/www.mynewsdesk.com\/se\/lansstyrelsen-varmland\/documents\/paa-tal-om-kvinnor-och-maen-jaemstaelldhetsstatistik-2021-dot-pdf-414827\" target=\"_self\" class=\"a-action a-action--arrow\" rel=\"noopener\"><span>Ladda ner rapporten<\/span><\/a><\/div>\n","protected":false},"author":3,"featured_media":0,"template":"","class_list":["post-821","news","type-news","status-publish","hentry"],"acf":[],"lang":"sv","translations":{"sv":821},"pll_sync_post":[],"_links":{"self":[{"href":"https:\/\/www.visitvarmland.com\/corporate\/wp-json\/wp\/v2\/news\/821","targetHints":{"allow":["GET"]}}],"collection":[{"href":"https:\/\/www.visitvarmland.com\/corporate\/wp-json\/wp\/v2\/news"}],"about":[{"href":"https:\/\/www.visitvarmland.com\/corporate\/wp-json\/wp\/v2\/types\/news"}],"author":[{"embeddable":true,"href":"https:\/\/www.visitvarmland.com\/corporate\/wp-json\/wp\/v2\/users\/3"}],"wp:attachment":[{"href":"https:\/\/www.visitvarmland.com\/corporate\/wp-json\/wp\/v2\/media?parent=821"}],"curies":[{"name":"wp","href":"https:\/\/api.w.org\/{rel}","templated":true}]}}