{"id":822,"date":"2021-11-23T14:14:02","date_gmt":"2021-11-23T13:14:02","guid":{"rendered":"https:\/\/www.visitvarmland.com\/visitvarmland-org\/?post_type=news&#038;p=822"},"modified":"2024-06-03T17:47:11","modified_gmt":"2024-06-03T15:47:11","slug":"tva-nya-forskningsprojekt-om-omstart-for-besoksnaringen","status":"publish","type":"news","link":"https:\/\/www.visitvarmland.com\/corporate\/nyheter\/tva-nya-forskningsprojekt-om-omstart-for-besoksnaringen\/","title":{"rendered":"Tv\u00e5 nya forskningsprojekt om omstart f\u00f6r bes\u00f6ksn\u00e4ringen"},"content":{"rendered":"\n<p>BFUF ger 3,2 miljoner till forskning om omstart av bes\u00f6ksn\u00e4ringen.&nbsp;Temat f\u00f6r utlysningen 2021 var: Omstart av bes\u00f6ksn\u00e4ringen \u2013&nbsp;l\u00e4rdomar av tiden med pandemin att ta med f\u00f6r en h\u00e5llbar framtid.&nbsp;Forskningsmedlen f\u00f6rdelas av Bes\u00f6ksn\u00e4ringens forsknings- och&nbsp;utvecklingsfond och f\u00f6relas p\u00e5 tv\u00e5 forskningsprojekt.&nbsp;<\/p>\n\n\n\n<p><em>Framtidens m\u00f6tesindustri: aff\u00e4rsmodeller, interaktioner och v\u00e4rdskap i digitaliseringens tids\u00e5lder<\/em>\u00a0vid\u00a0Lunds universitet samt\u00a0<em>Krisdriven innovation: Fr\u00e5n reaktiva \u00e5tg\u00e4rder till nya h\u00e5llbara turismtj\u00e4nster i pandemins sp\u00e5r<\/em>\u00a0vid Lule\u00e5 tekniska universitet.<\/p>\n\n\n\n<div class=\"wp-block-atheme-component-action-button atheme-wrapper--action-button-single\"><a href=\"https:\/\/mailchi.mp\/bfuf\/pressmeddelande_20210916?e=7c68db53ef\" target=\"_self\" class=\"a-action a-action--arrow\" rel=\"noopener\"><span>L\u00e4s pressmeddelandet<\/span><\/a><\/div>\n","protected":false},"author":3,"featured_media":0,"template":"","class_list":["post-822","news","type-news","status-publish","hentry"],"acf":[],"lang":"sv","translations":{"sv":822},"pll_sync_post":[],"_links":{"self":[{"href":"https:\/\/www.visitvarmland.com\/corporate\/wp-json\/wp\/v2\/news\/822","targetHints":{"allow":["GET"]}}],"collection":[{"href":"https:\/\/www.visitvarmland.com\/corporate\/wp-json\/wp\/v2\/news"}],"about":[{"href":"https:\/\/www.visitvarmland.com\/corporate\/wp-json\/wp\/v2\/types\/news"}],"author":[{"embeddable":true,"href":"https:\/\/www.visitvarmland.com\/corporate\/wp-json\/wp\/v2\/users\/3"}],"wp:attachment":[{"href":"https:\/\/www.visitvarmland.com\/corporate\/wp-json\/wp\/v2\/media?parent=822"}],"curies":[{"name":"wp","href":"https:\/\/api.w.org\/{rel}","templated":true}]}}