{"id":823,"date":"2021-11-23T14:15:58","date_gmt":"2021-11-23T13:15:58","guid":{"rendered":"https:\/\/www.visitvarmland.com\/visitvarmland-org\/?post_type=news&#038;p=823"},"modified":"2024-06-03T17:47:11","modified_gmt":"2024-06-03T15:47:11","slug":"nyskapade-svenska-sommarsmaker-blir-internationell-marknadsforingskampanj-for-sverige-som-turistland","status":"publish","type":"news","link":"https:\/\/www.visitvarmland.com\/corporate\/nyheter\/nyskapade-svenska-sommarsmaker-blir-internationell-marknadsforingskampanj-for-sverige-som-turistland\/","title":{"rendered":"Nyskapade svenska sommarsmaker blir internationell marknadsf\u00f6ringskampanj f\u00f6r Sverige som turistland"},"content":{"rendered":"\n<p>N\u00e4rmare 10 miljoner m\u00e5ltidsintresserade i Tyskland, Storbritannien och USA r\u00e4knar Sveriges marknadsf\u00f6ringsbolag Visit Sweden n\u00e5 ut till med n\u00e4sta, internationella marknadsf\u00f6ringskampanj om unika svenska sommarsmaker.<\/p>\n\n\n\n<p>Marknadsf\u00f6ringen bygger p\u00e5 en foto- och filmkavalkad d\u00e4r nyskapade och k\u00e4nda, svenska och konserverade sommarsmaker ska v\u00e4cka nyfikenhet och locka fler att uppt\u00e4cka Sverige som m\u00e5ltidsdestination.<\/p>\n\n\n\n<div class=\"wp-block-atheme-component-action-button atheme-wrapper--action-button-single\"><a href=\"https:\/\/www.mynewsdesk.com\/se\/visitsweden\/pressreleases\/nyskapade-svenska-sommarsmaker-blir-internationell-marknadsfoeringskampanj-foer-sverige-som-turistland-3128355\" target=\"_self\" class=\"a-action a-action--arrow\" rel=\"noopener\"><span>L\u00e4s hela pressmeddelandet<\/span><\/a><\/div>\n","protected":false},"author":3,"featured_media":0,"template":"","class_list":["post-823","news","type-news","status-publish","hentry"],"acf":[],"lang":"sv","translations":{"sv":823},"pll_sync_post":[],"_links":{"self":[{"href":"https:\/\/www.visitvarmland.com\/corporate\/wp-json\/wp\/v2\/news\/823","targetHints":{"allow":["GET"]}}],"collection":[{"href":"https:\/\/www.visitvarmland.com\/corporate\/wp-json\/wp\/v2\/news"}],"about":[{"href":"https:\/\/www.visitvarmland.com\/corporate\/wp-json\/wp\/v2\/types\/news"}],"author":[{"embeddable":true,"href":"https:\/\/www.visitvarmland.com\/corporate\/wp-json\/wp\/v2\/users\/3"}],"wp:attachment":[{"href":"https:\/\/www.visitvarmland.com\/corporate\/wp-json\/wp\/v2\/media?parent=823"}],"curies":[{"name":"wp","href":"https:\/\/api.w.org\/{rel}","templated":true}]}}