{"id":825,"date":"2021-11-23T14:18:23","date_gmt":"2021-11-23T13:18:23","guid":{"rendered":"https:\/\/www.visitvarmland.com\/visitvarmland-org\/?post_type=news&#038;p=825"},"modified":"2024-06-03T17:47:11","modified_gmt":"2024-06-03T15:47:11","slug":"intresset-for-naturen-landsbygden-och-mindre-orter-kommer-inte-att-avta","status":"publish","type":"news","link":"https:\/\/www.visitvarmland.com\/corporate\/nyheter\/intresset-for-naturen-landsbygden-och-mindre-orter-kommer-inte-att-avta\/","title":{"rendered":"Intresset f\u00f6r naturen, landsbygden och mindre orter kommer inte att avta"},"content":{"rendered":"\n<p>Tillg\u00e4ngligheten \u00e4r central f\u00f6r att st\u00e4rka landsbygdens bes\u00f6ksn\u00e4ring\u201d, s\u00e4ger n\u00e4ringsminister Ibrahim Baylan (S) om regeringens prioriteringar f\u00f6r branschen i budgetpropositionen \u2013 satsningar som Visitas vd Jonas Siljhammar menar \u00e4r otillr\u00e4ckliga.<\/p>\n\n\n\n<div class=\"wp-block-atheme-component-action-button atheme-wrapper--action-button-single\"><a href=\"https:\/\/www.besoksliv.se\/nyheter\/baylan-intresset-for-naturen-landsbygderna-och-mindre-orter-kommer-inte-avta\/\" target=\"_self\" class=\"a-action a-action--arrow\" rel=\"noopener\"><span>L\u00e4s artikeln<\/span><\/a><\/div>\n","protected":false},"author":3,"featured_media":0,"template":"","class_list":["post-825","news","type-news","status-publish","hentry"],"acf":[],"lang":"sv","translations":{"sv":825},"pll_sync_post":[],"_links":{"self":[{"href":"https:\/\/www.visitvarmland.com\/corporate\/wp-json\/wp\/v2\/news\/825","targetHints":{"allow":["GET"]}}],"collection":[{"href":"https:\/\/www.visitvarmland.com\/corporate\/wp-json\/wp\/v2\/news"}],"about":[{"href":"https:\/\/www.visitvarmland.com\/corporate\/wp-json\/wp\/v2\/types\/news"}],"author":[{"embeddable":true,"href":"https:\/\/www.visitvarmland.com\/corporate\/wp-json\/wp\/v2\/users\/3"}],"wp:attachment":[{"href":"https:\/\/www.visitvarmland.com\/corporate\/wp-json\/wp\/v2\/media?parent=825"}],"curies":[{"name":"wp","href":"https:\/\/api.w.org\/{rel}","templated":true}]}}