{"id":828,"date":"2021-11-23T14:34:48","date_gmt":"2021-11-23T13:34:48","guid":{"rendered":"https:\/\/www.visitvarmland.com\/visitvarmland-org\/?post_type=news&#038;p=828"},"modified":"2024-06-03T17:47:11","modified_gmt":"2024-06-03T15:47:11","slug":"ansok-om-krisstod-fran-statens-kulturrad","status":"publish","type":"news","link":"https:\/\/www.visitvarmland.com\/corporate\/nyheter\/ansok-om-krisstod-fran-statens-kulturrad\/","title":{"rendered":"Ans\u00f6k om krisst\u00f6d fr\u00e5n Statens kulturr\u00e5d"},"content":{"rendered":"\n<p>Statens kulturr\u00e5d\u00a0\u00f6ppnar h\u00f6stens utlysning av krisst\u00f6d den 13 september med st\u00e4ngningsdatum den 4, 5 och 6 oktober 2021. Kulturr\u00e5det har f\u00e5tt i uppdrag av regeringen att f\u00f6rdela ett nytt krisst\u00f6d under h\u00f6sten i form av projektbidrag till s\u00e4rskilda behov i kulturlivet med anledning av pandemin.\u00a0<a rel=\"noreferrer noopener\" href=\"https:\/\/www.idrelay.com\/v4_idrlink.asp?q=CA3C-7E3-E955-8e9994044294cf96fed2760a55c0f989-7B\" target=\"_blank\">L\u00e4s mer\u00a0om krisst\u00f6det<\/a>.<\/p>\n","protected":false},"author":3,"featured_media":0,"template":"","class_list":["post-828","news","type-news","status-publish","hentry"],"acf":[],"lang":"sv","translations":{"sv":828},"pll_sync_post":[],"_links":{"self":[{"href":"https:\/\/www.visitvarmland.com\/corporate\/wp-json\/wp\/v2\/news\/828","targetHints":{"allow":["GET"]}}],"collection":[{"href":"https:\/\/www.visitvarmland.com\/corporate\/wp-json\/wp\/v2\/news"}],"about":[{"href":"https:\/\/www.visitvarmland.com\/corporate\/wp-json\/wp\/v2\/types\/news"}],"author":[{"embeddable":true,"href":"https:\/\/www.visitvarmland.com\/corporate\/wp-json\/wp\/v2\/users\/3"}],"wp:attachment":[{"href":"https:\/\/www.visitvarmland.com\/corporate\/wp-json\/wp\/v2\/media?parent=828"}],"curies":[{"name":"wp","href":"https:\/\/api.w.org\/{rel}","templated":true}]}}