{"id":829,"date":"2021-11-23T15:06:28","date_gmt":"2021-11-23T14:06:28","guid":{"rendered":"https:\/\/www.visitvarmland.com\/visitvarmland-org\/?post_type=news&#038;p=829"},"modified":"2024-06-03T17:47:11","modified_gmt":"2024-06-03T15:47:11","slug":"829","status":"publish","type":"news","link":"https:\/\/www.visitvarmland.com\/corporate\/nyheter\/829\/","title":{"rendered":"Arbetet med samverksarenan f\u00f6r bes\u00f6ksn\u00e4ringen tas nu vidare av svensk turism"},"content":{"rendered":"\n<p>I slutet av november 2019 meddelade regeringen att man avs\u00e5g att finansiera utvecklingen av en samverkansarena som ska \u00e4gas och drivas av bes\u00f6ksn\u00e4ringens akt\u00f6rer. Tillv\u00e4xtverket fick ett regeringsuppdrag att i en uppstartsfas st\u00f6dja n\u00e4ringen i arbetet och i januari 2020 beviljades Svensk Turism AB:s ans\u00f6kan om att f\u00e5 uppdraget att utveckla arenan.&nbsp;<\/p>\n\n\n\n<p>Inom projektet har f\u00f6rslag till uppl\u00e4gg och inneh\u00e5ll f\u00f6r en samverkansarena f\u00f6r bes\u00f6ksn\u00e4ringen arbetats fram och l\u00e4mnats \u00f6ver till Svensk Turism. Svensk Turism tar nu arbetet vidare f\u00f6r att samla bes\u00f6ksn\u00e4ringens f\u00f6retag, formulera n\u00e4ringens behov och vara drivande i n\u00e4ringens h\u00e5llbara tillv\u00e4xt. D\u00e4rtill ska ocks\u00e5 en h\u00e5llbar verksamhetsplan och l\u00e5ngsiktig finansiering s\u00e4kerst\u00e4llas.<\/p>\n\n\n\n<p>&#8211; Projektet \u00e4r avslutat och har uppn\u00e5tt den ambition som politiken haft med att samla den privata bes\u00f6ksn\u00e4ringen och ge oss m\u00f6jlighet att agera med en samlad r\u00f6st. Arbetet har p\u00e5g\u00e5tt samtidigt som en v\u00e4rldsomfattande pandemin slagit h\u00e5rt mot ber\u00f6rda intressenters ordinarie verksamhet, vilket har varit utmanande f\u00f6r projektet. Tack vare ett stort engagemang har vi \u00e4nd\u00e5 lyckats arbeta fram f\u00f6rslag till vision, m\u00e5l och omr\u00e5den att verka inom till nytta f\u00f6r bes\u00f6ksn\u00e4ringen. Projektet f\u00f6resl\u00e5r att det g\u00e5r vidare i en etableringsfas inom ramen f\u00f6r Svensk Turism s\u00e4ger styrgruppsordf\u00f6rande&nbsp;Marcus Risberg.&nbsp;<\/p>\n\n\n\n<p>&#8211;\u00a0Svenskt Turism tar nu detta viktiga arbete vidare f\u00f6r att bli en samlande kraft f\u00f6r bes\u00f6ksn\u00e4ringen och vara drivande i n\u00e4ringens h\u00e5llbara tillv\u00e4xt. Utg\u00e5ngspunkten \u00e4r de utmaningar och behov som finns f\u00f6r att bidra i \u00e5teruppbyggnaden av n\u00e4ringen efter pandemin. En framg\u00e5ngsfaktor f\u00f6r det fortsatta arbetet \u00e4r bland annat en bra samverkan med det offentliga fr\u00e4mjarsystemet s\u00e4ger\u00a0Svensk Turisms ordf\u00f6rande\u00a0Jonas Siljhammar.\u00a0<\/p>\n\n\n\n<div class=\"wp-block-atheme-component-action-button atheme-wrapper--action-button-single\"><a href=\"https:\/\/www.mynewsdesk.com\/se\/svensk_turism_ab\/news\/arbetet-med-samverskansarenan-foer-besoeksnaeringen-tas-nu-vidare-av-svensk-turism-433442?utm_campaign=Alert&amp;utm_source=alert&amp;utm_medium=email\" target=\"_self\" class=\"a-action a-action--arrow\" rel=\"noopener\"><span>Till pressmeddelandet<\/span><\/a><\/div>\n","protected":false},"author":3,"featured_media":0,"template":"","class_list":["post-829","news","type-news","status-publish","hentry"],"acf":[],"lang":"sv","translations":{"sv":829},"pll_sync_post":[],"_links":{"self":[{"href":"https:\/\/www.visitvarmland.com\/corporate\/wp-json\/wp\/v2\/news\/829","targetHints":{"allow":["GET"]}}],"collection":[{"href":"https:\/\/www.visitvarmland.com\/corporate\/wp-json\/wp\/v2\/news"}],"about":[{"href":"https:\/\/www.visitvarmland.com\/corporate\/wp-json\/wp\/v2\/types\/news"}],"author":[{"embeddable":true,"href":"https:\/\/www.visitvarmland.com\/corporate\/wp-json\/wp\/v2\/users\/3"}],"wp:attachment":[{"href":"https:\/\/www.visitvarmland.com\/corporate\/wp-json\/wp\/v2\/media?parent=829"}],"curies":[{"name":"wp","href":"https:\/\/api.w.org\/{rel}","templated":true}]}}