{"id":831,"date":"2021-11-23T15:11:32","date_gmt":"2021-11-23T14:11:32","guid":{"rendered":"https:\/\/www.visitvarmland.com\/visitvarmland-org\/?post_type=news&#038;p=831"},"modified":"2024-06-03T17:47:11","modified_gmt":"2024-06-03T15:47:11","slug":"chinas-uneven-travel-recovery-long-road-to-international-travel-furthers-domestic-opportunities","status":"publish","type":"news","link":"https:\/\/www.visitvarmland.com\/corporate\/nyheter\/chinas-uneven-travel-recovery-long-road-to-international-travel-furthers-domestic-opportunities\/","title":{"rendered":"Chinas uneven travel recovery: Long road to international travel furthers domestic opportunities"},"content":{"rendered":"\n<p>Kina var f\u00f6rsta landet som inf\u00f6rde lockdown och som m\u00e5nga l\u00e4nder tittar p\u00e5 nu f\u00f6r att f\u00f6rsta m\u00f6nster f\u00f6r \u00e5terh\u00e4mtning i m\u00e5nga branscher, inte minst i resebranschen. McKensey &amp; Companys artikel \u201dChina\u00b4s uneven travel recovery: Long road to international travel furthers domestic opportunities\u201d visar tydligt att det inhemska resandet \u00e5terh\u00e4mtar sig b\u00e4st och snabbast, medan resor till och fr\u00e5n utlandet dr\u00f6jer.\u00a0<\/p>\n\n\n\n<div class=\"wp-block-atheme-component-action-button atheme-wrapper--action-button-single\"><a href=\"https:\/\/www.mckinsey.com\/industries\/travel-logistics-and-infrastructure\/our-insights\/chinas-uneven-travel-recovery-long-road-to-international-travel-furthers-domestic-opportunities\" target=\"_self\" class=\"a-action a-action--arrow\" rel=\"noopener\"><span>L\u00e4s mer h\u00e4r <\/span><\/a><\/div>\n","protected":false},"author":3,"featured_media":0,"template":"","class_list":["post-831","news","type-news","status-publish","hentry"],"acf":[],"lang":"sv","translations":{"sv":831},"pll_sync_post":[],"_links":{"self":[{"href":"https:\/\/www.visitvarmland.com\/corporate\/wp-json\/wp\/v2\/news\/831","targetHints":{"allow":["GET"]}}],"collection":[{"href":"https:\/\/www.visitvarmland.com\/corporate\/wp-json\/wp\/v2\/news"}],"about":[{"href":"https:\/\/www.visitvarmland.com\/corporate\/wp-json\/wp\/v2\/types\/news"}],"author":[{"embeddable":true,"href":"https:\/\/www.visitvarmland.com\/corporate\/wp-json\/wp\/v2\/users\/3"}],"wp:attachment":[{"href":"https:\/\/www.visitvarmland.com\/corporate\/wp-json\/wp\/v2\/media?parent=831"}],"curies":[{"name":"wp","href":"https:\/\/api.w.org\/{rel}","templated":true}]}}