{"id":832,"date":"2021-11-23T15:14:21","date_gmt":"2021-11-23T14:14:21","guid":{"rendered":"https:\/\/www.visitvarmland.com\/visitvarmland-org\/?post_type=news&#038;p=832"},"modified":"2024-06-03T17:47:10","modified_gmt":"2024-06-03T15:47:10","slug":"handeln-och-covid-19-strukturomvandlingen-vaxlar-upp-en-uppfoljningsrapport","status":"publish","type":"news","link":"https:\/\/www.visitvarmland.com\/corporate\/nyheter\/handeln-och-covid-19-strukturomvandlingen-vaxlar-upp-en-uppfoljningsrapport\/","title":{"rendered":"Handeln och Covid-19: Strukturomvandlingen v\u00e4xlar upp &#8211; en uppf\u00f6ljningsrapport"},"content":{"rendered":"\n<p>Handelns ekonomiska r\u00e5d har nyligen publicerat rapport \u201dHandeln och COVID-19: Strukturomvandlingen v\u00e4xlar upp \u2013 en uppf\u00f6ljningsrapport\u201d, som gen en \u00f6verblick av l\u00e4get under sista kvartal 2020 till f\u00f6rsta kvartal 2021. Pandemin pr\u00e4glar fortfarande i h\u00f6g grad v\u00e5r tillvaro, s\u00e5 \u00e4ven handeln. V\u00e4rmland har blivit h\u00e5rt drabbat av utebliven gr\u00e4nshandel med Norge, som tas upp i rapporten. Handeln \u00e4r ocks\u00e5 en av sex branscher som ans\u00f6kt och beviljats mest omst\u00e4llningsst\u00f6d (tillsammans med bl a Hotell- och restaurangverksamhet).<\/p>\n\n\n\n<div class=\"wp-block-atheme-component-action-button atheme-wrapper--action-button-single\"><a href=\"https:\/\/handelsradet.se\/handelns-ekonomiska-rad\/\" target=\"_self\" class=\"a-action a-action--arrow\" rel=\"noopener\"><span>L\u00e4s mer h\u00e4r<\/span><\/a><\/div>\n\n\n\n<div class=\"wp-block-atheme-component-action-button atheme-wrapper--action-button-single\"><a href=\"https:\/\/handelsradet.se\/app\/uploads\/2021\/06\/Handeln-och-covid-19_Strukturomvandlingen-vaxlar-upp.pdf\" target=\"_self\" class=\"a-action a-action--arrow\" rel=\"noopener\"><span>Rapporten hittar du h\u00e4r<\/span><\/a><\/div>\n","protected":false},"author":3,"featured_media":0,"template":"","class_list":["post-832","news","type-news","status-publish","hentry"],"acf":[],"lang":"sv","translations":{"sv":832},"pll_sync_post":[],"_links":{"self":[{"href":"https:\/\/www.visitvarmland.com\/corporate\/wp-json\/wp\/v2\/news\/832","targetHints":{"allow":["GET"]}}],"collection":[{"href":"https:\/\/www.visitvarmland.com\/corporate\/wp-json\/wp\/v2\/news"}],"about":[{"href":"https:\/\/www.visitvarmland.com\/corporate\/wp-json\/wp\/v2\/types\/news"}],"author":[{"embeddable":true,"href":"https:\/\/www.visitvarmland.com\/corporate\/wp-json\/wp\/v2\/users\/3"}],"wp:attachment":[{"href":"https:\/\/www.visitvarmland.com\/corporate\/wp-json\/wp\/v2\/media?parent=832"}],"curies":[{"name":"wp","href":"https:\/\/api.w.org\/{rel}","templated":true}]}}