{"id":835,"date":"2021-11-23T15:19:21","date_gmt":"2021-11-23T14:19:21","guid":{"rendered":"https:\/\/www.visitvarmland.com\/visitvarmland-org\/?post_type=news&#038;p=835"},"modified":"2024-06-03T17:47:10","modified_gmt":"2024-06-03T15:47:10","slug":"okning-med-29-procent-av-gastnatter-under-juli-2021","status":"publish","type":"news","link":"https:\/\/www.visitvarmland.com\/corporate\/nyheter\/okning-med-29-procent-av-gastnatter-under-juli-2021\/","title":{"rendered":"\u00d6kning med 29 procent av g\u00e4stn\u00e4tter under juli 2021"},"content":{"rendered":"\n<p>Statistiska Centralbyr\u00e5n (SCB) har nu publicerat g\u00e4stn\u00e4tterna f\u00f6r juli. De prelimin\u00e4ra siffrorna f\u00f6r kommersiella \u00f6vernattningar under juli 2021 visar en \u00f6kning med 28 procent i V\u00e4rmland j\u00e4mf\u00f6rt med 2020, men fortfarande en minskning mot&nbsp;topp\u00e5ret 2019.<\/p>\n\n\n\n<p>\u2014 Pandemin har varit och \u00e4r&nbsp;fortfarande&nbsp;en stor utmaning f\u00f6r f\u00f6retagen i bes\u00f6ksn\u00e4ringen. Trots att det&nbsp;inte \u00e4r \u00f6ver k\u00e4nns det nu hoppfullt. I v\u00e5r dialog med n\u00e4ringen \u00e4r de flesta mycket n\u00f6jda med juli, men \u00e4ven sommaren som helhet,&nbsp;och vi upplever att det fortsatt \u00e4r ett stort intresse f\u00f6r V\u00e4rmland.&nbsp;F\u00f6rra \u00e5ret var f\u00f6rberedelserna massiva f\u00f6r att st\u00e4lla om, anpassa produkter och verksamheter samt att s\u00e4kerst\u00e4lla att det blev trygga bes\u00f6k och upplevelser. I \u00e5r har en ytterligare&nbsp;utmaning tillkommit f\u00f6r f\u00f6retagen. M\u00e5nga f\u00f6retag har f\u00e5tt s\u00e4ga upp erfaren&nbsp;personal och beh\u00f6ver nu \u00e5teranst\u00e4lla f\u00f6r att m\u00f6ta det kommande behovet, s\u00e4ger Mia Landin vd p\u00e5 Visit V\u00e4rmland.<\/p>\n\n\n\n<p>V\u00e4rmester blev ett begrepp redan f\u00f6rra \u00e5ret. Syftet med Visit V\u00e4rmlands v\u00e4rmesterkampanj, tillsammans med de insatser som g\u00f6rs i samverkan med bland annat Visit Sweden och V\u00e4rmlands kommuner, \u00e4r att st\u00f6tta n\u00e4ringen och locka bes\u00f6kare, f\u00e5 fler att ta del av och uppleva en salig uppt\u00e4cktsresa i v\u00e4rldens vackraste V\u00e4rmland.&nbsp;<\/p>\n\n\n\n<p>\u2014 &nbsp;Upplevelser i naturen \u00e4r fortsatt attraktivt och bes\u00f6ksm\u00e5l pr\u00e4glade av kultur och historia \u00e4r efterfr\u00e5gat och lockar till bes\u00f6k. Visit V\u00e4rmlands&nbsp;marknadsf\u00f6ringskampanj har presterat \u00e4nnu b\u00e4ttre \u00e4n f\u00f6reg\u00e5ende \u00e5r och de svenska bes\u00f6karna forts\u00e4tter att \u00f6ka, men V\u00e4rmland beh\u00f6ver fler attraktiva produkter och reseanledningar som sticker ut i m\u00e4ngden.&nbsp;V\u00e4rmland har i j\u00e4mf\u00f6relse med angr\u00e4nsande regioner ett bra juliresultat och det&nbsp;har varit en positiv sommar med m\u00e5nga nya bes\u00f6kare som hittat hit till V\u00e4rmland. Tillsammans med n\u00e4ringen bygger vi vidare och fyller p\u00e5 med nya erbjudanden och upplevelser i v\u00e5rt skyltf\u00f6nster,&nbsp;s\u00e4ger Linda Werme kommunikat\u00f6r p\u00e5 Visit V\u00e4rmland.<\/p>\n\n\n\n<p>Fortsatt smittspridning och&nbsp;restriktioner kan g\u00f6ra att f\u00e4rre utl\u00e4ndska turister v\u00e4ljer att&nbsp;bes\u00f6ka V\u00e4rmland,&nbsp;f\u00f6r\u00e4ndrat st\u00f6d till f\u00f6retagen,&nbsp;det minskade&nbsp;aff\u00e4rsresandet,&nbsp;att m\u00e5nga stora evenemang och m\u00f6ten som annars lockar m\u00e5nga&nbsp;bes\u00f6kare av olika anledningar inte kan genomf\u00f6ras&nbsp;p\u00e5verkar en redan h\u00e5rt anstr\u00e4ngd n\u00e4ring.<\/p>\n\n\n\n<p>\u2014 Vi hoppas att det \u00e4r nu det v\u00e4nder.\u00a0Fr\u00e5n den nya attitydunders\u00f6kningen vet vi att V\u00e4rmland fortsatt\u00a0upplevs som n\u00e5got v\u00e4ldigt\u00a0positivt\u00a0och att m\u00e5nga vill bes\u00f6ka oss. Och g\u00e5rdagens besked om att m\u00e5nga av restriktionerna h\u00e4vs, att publiktaken lyfts s\u00e5 att fler kan b\u00e5de arrangera och bes\u00f6ka evenemang samt att restaurangerna inte beh\u00f6ver ha begr\u00e4nsningar \u00e4r s\u00e5\u00a0efterl\u00e4ngtat, s\u00e4ger Mia Landin vd p\u00e5 Visit V\u00e4rmland.<\/p>\n\n\n\n<div class=\"wp-block-atheme-component-action-button atheme-wrapper--action-button-single\"><a href=\"https:\/\/www.mynewsdesk.com\/se\/visitvarmland\/pressreleases\/oekning-med-28-procent-av-vaermlaendska-gaestnaetter-i-juli-3126279\" target=\"_self\" class=\"a-action a-action--arrow\" rel=\"noopener\"><span>L\u00e4s pressmeddelandet<\/span><\/a><\/div>\n","protected":false},"author":3,"featured_media":0,"template":"","class_list":["post-835","news","type-news","status-publish","hentry"],"acf":[],"lang":"sv","translations":{"sv":835},"pll_sync_post":[],"_links":{"self":[{"href":"https:\/\/www.visitvarmland.com\/corporate\/wp-json\/wp\/v2\/news\/835","targetHints":{"allow":["GET"]}}],"collection":[{"href":"https:\/\/www.visitvarmland.com\/corporate\/wp-json\/wp\/v2\/news"}],"about":[{"href":"https:\/\/www.visitvarmland.com\/corporate\/wp-json\/wp\/v2\/types\/news"}],"author":[{"embeddable":true,"href":"https:\/\/www.visitvarmland.com\/corporate\/wp-json\/wp\/v2\/users\/3"}],"wp:attachment":[{"href":"https:\/\/www.visitvarmland.com\/corporate\/wp-json\/wp\/v2\/media?parent=835"}],"curies":[{"name":"wp","href":"https:\/\/api.w.org\/{rel}","templated":true}]}}