{"id":837,"date":"2021-11-23T15:25:21","date_gmt":"2021-11-23T14:25:21","guid":{"rendered":"https:\/\/www.visitvarmland.com\/visitvarmland-org\/?post_type=news&#038;p=837"},"modified":"2024-06-03T17:47:10","modified_gmt":"2024-06-03T15:47:10","slug":"29-september-avvecklas-restriktionerna","status":"publish","type":"news","link":"https:\/\/www.visitvarmland.com\/corporate\/nyheter\/29-september-avvecklas-restriktionerna\/","title":{"rendered":"29 september avvecklas restriktionerna"},"content":{"rendered":"\n<p>Onsdag 29 september avvecklar regeringen restriktionerna om deltagartak f\u00f6r allm\u00e4nna sammankomster och offentliga tillst\u00e4llningar. Restriktionerna om avst\u00e5nd mellan s\u00e4llskap tas ocks\u00e5 bort.\u00a0<\/p>\n\n\n\n<div class=\"wp-block-atheme-component-action-button atheme-wrapper--action-button-single\"><a href=\"https:\/\/www.regeringen.se\/artiklar\/2021\/09\/fler-restriktioner-tas-bort-fran-och-med-den-29-september\/?fbclid=IwAR3HBNOIB66tgFKpvb_gXWJ_ZQtMXgIWdrkmp2Hb4nW-BIUzL-AGxCbapi8\" target=\"_self\" class=\"a-action a-action--arrow\" rel=\"noopener\"><span>L\u00e4s mer <\/span><\/a><\/div>\n","protected":false},"author":3,"featured_media":0,"template":"","class_list":["post-837","news","type-news","status-publish","hentry"],"acf":[],"lang":"sv","translations":{"sv":837},"pll_sync_post":[],"_links":{"self":[{"href":"https:\/\/www.visitvarmland.com\/corporate\/wp-json\/wp\/v2\/news\/837","targetHints":{"allow":["GET"]}}],"collection":[{"href":"https:\/\/www.visitvarmland.com\/corporate\/wp-json\/wp\/v2\/news"}],"about":[{"href":"https:\/\/www.visitvarmland.com\/corporate\/wp-json\/wp\/v2\/types\/news"}],"author":[{"embeddable":true,"href":"https:\/\/www.visitvarmland.com\/corporate\/wp-json\/wp\/v2\/users\/3"}],"wp:attachment":[{"href":"https:\/\/www.visitvarmland.com\/corporate\/wp-json\/wp\/v2\/media?parent=837"}],"curies":[{"name":"wp","href":"https:\/\/api.w.org\/{rel}","templated":true}]}}