{"id":838,"date":"2021-11-23T15:26:27","date_gmt":"2021-11-23T14:26:27","guid":{"rendered":"https:\/\/www.visitvarmland.com\/visitvarmland-org\/?post_type=news&#038;p=838"},"modified":"2024-06-03T17:47:10","modified_gmt":"2024-06-03T15:47:10","slug":"nu-kan-du-lana-cyklar-pa-stationerna-i-arvika-och-karlstad","status":"publish","type":"news","link":"https:\/\/www.visitvarmland.com\/corporate\/nyheter\/nu-kan-du-lana-cyklar-pa-stationerna-i-arvika-och-karlstad\/","title":{"rendered":"Nu kan du l\u00e5na cyklar p\u00e5 stationerna i Arvika och Karlstad"},"content":{"rendered":"\n<p>L\u00e5ngt fr\u00e5n stationen eller en tid att passa? Nu blir det enklare f\u00f6r dig som vill resa h\u00e5llbart hela v\u00e4gen fram. Fr\u00e5n och med den 2 september kan du l\u00e5na cyklar p\u00e5 stationerna i Arvika och i Karlstad.<\/p>\n\n\n\n<div class=\"wp-block-atheme-component-action-button atheme-wrapper--action-button-single\"><a href=\"https:\/\/www.regionvarmland.se\/Nyheter-region-varmland\/2021\/09\/nu-kan-du-lana-cyklar-pa-stationerna-i-arvika-och-i-karlstad\/\" target=\"_self\" class=\"a-action a-action--arrow\" rel=\"noopener\"><span>L\u00e4s mer h\u00e4r<\/span><\/a><\/div>\n","protected":false},"author":3,"featured_media":0,"template":"","class_list":["post-838","news","type-news","status-publish","hentry"],"acf":[],"lang":"sv","translations":{"sv":838},"pll_sync_post":[],"_links":{"self":[{"href":"https:\/\/www.visitvarmland.com\/corporate\/wp-json\/wp\/v2\/news\/838","targetHints":{"allow":["GET"]}}],"collection":[{"href":"https:\/\/www.visitvarmland.com\/corporate\/wp-json\/wp\/v2\/news"}],"about":[{"href":"https:\/\/www.visitvarmland.com\/corporate\/wp-json\/wp\/v2\/types\/news"}],"author":[{"embeddable":true,"href":"https:\/\/www.visitvarmland.com\/corporate\/wp-json\/wp\/v2\/users\/3"}],"wp:attachment":[{"href":"https:\/\/www.visitvarmland.com\/corporate\/wp-json\/wp\/v2\/media?parent=838"}],"curies":[{"name":"wp","href":"https:\/\/api.w.org\/{rel}","templated":true}]}}