{"id":839,"date":"2021-11-23T15:32:48","date_gmt":"2021-11-23T14:32:48","guid":{"rendered":"https:\/\/www.visitvarmland.com\/visitvarmland-org\/?post_type=news&#038;p=839"},"modified":"2024-06-03T17:47:10","modified_gmt":"2024-06-03T15:47:10","slug":"visit-sweden-far-forlangt-fortroende-att-marknadsfora-turistsverige-mot-svenskar","status":"publish","type":"news","link":"https:\/\/www.visitvarmland.com\/corporate\/nyheter\/visit-sweden-far-forlangt-fortroende-att-marknadsfora-turistsverige-mot-svenskar\/","title":{"rendered":"Visit Sweden f\u00e5r f\u00f6rl\u00e4ngt f\u00f6rtroende att marknadsf\u00f6ra turistsverige mot svenskar"},"content":{"rendered":"\n<p>Regeringens f\u00f6rslag till h\u00f6stbudget som lanserades idag, indikerar 20 miljoner kronor till Visit Sweden, f\u00f6r att under 2022 forts\u00e4tta marknadsf\u00f6ra Sverige som bes\u00f6ksm\u00e5l f\u00f6r s\u00e5v\u00e4l utl\u00e4ndska som svenska m\u00e5lgrupper och bidra till \u00e5terstart av den svenska bes\u00f6ksn\u00e4ringen efter pandemin.<\/p>\n\n\n\n<div class=\"wp-block-atheme-component-action-button atheme-wrapper--action-button-single\"><a href=\"https:\/\/www.travelreport.se\/2021\/09\/06\/visit-sweden-far-forlangt-fortroende-att-marknadsfora-turistsverige-mot-svenskar\/\" target=\"_self\" class=\"a-action a-action--arrow\" rel=\"noopener\"><span>L\u00e4s mer<\/span><\/a><\/div>\n\n\n\n<div class=\"wp-block-atheme-component-action-button atheme-wrapper--action-button-single\"><a href=\"https:\/\/www.mynewsdesk.com\/se\/visitsweden\/pressreleases\/visit-sweden-faar-foerlaengt-foertroende-att-marknadsfoera-turistsverige-mot-svenskar-3125939?utm_campaign=Alert&amp;utm_source=alert&amp;utm_medium=email\" target=\"_self\" class=\"a-action a-action--arrow\" rel=\"noopener\"><span>Till pressmeddelandet<\/span><\/a><\/div>\n","protected":false},"author":3,"featured_media":0,"template":"","class_list":["post-839","news","type-news","status-publish","hentry"],"acf":[],"lang":"sv","translations":{"sv":839},"pll_sync_post":[],"_links":{"self":[{"href":"https:\/\/www.visitvarmland.com\/corporate\/wp-json\/wp\/v2\/news\/839","targetHints":{"allow":["GET"]}}],"collection":[{"href":"https:\/\/www.visitvarmland.com\/corporate\/wp-json\/wp\/v2\/news"}],"about":[{"href":"https:\/\/www.visitvarmland.com\/corporate\/wp-json\/wp\/v2\/types\/news"}],"author":[{"embeddable":true,"href":"https:\/\/www.visitvarmland.com\/corporate\/wp-json\/wp\/v2\/users\/3"}],"wp:attachment":[{"href":"https:\/\/www.visitvarmland.com\/corporate\/wp-json\/wp\/v2\/media?parent=839"}],"curies":[{"name":"wp","href":"https:\/\/api.w.org\/{rel}","templated":true}]}}