{"id":840,"date":"2021-11-23T15:36:03","date_gmt":"2021-11-23T14:36:03","guid":{"rendered":"https:\/\/www.visitvarmland.com\/visitvarmland-org\/?post_type=news&#038;p=840"},"modified":"2024-06-03T17:47:10","modified_gmt":"2024-06-03T15:47:10","slug":"region-varmland-bevilja-visit-varmland-utvecklingsmedel-for-att-genomfora-forstudien-vava-samman-varmland-trasmattan-2-0","status":"publish","type":"news","link":"https:\/\/www.visitvarmland.com\/corporate\/nyheter\/region-varmland-bevilja-visit-varmland-utvecklingsmedel-for-att-genomfora-forstudien-vava-samman-varmland-trasmattan-2-0\/","title":{"rendered":"Region V\u00e4rmland bevilja Visit V\u00e4rmland utvecklingsmedel f\u00f6r att genomf\u00f6ra f\u00f6rstudien &#8221;V\u00e4va samman V\u00e4rmland &#8211; Trasmattan 2.0&#8221;"},"content":{"rendered":"\n<p>Id\u00e9n kring f\u00f6rstudien har inspirerats av den tillf\u00e4lliga lekskulpturen &#8221;Trasmattan\u201d, en konstruktion i \u00e5tervunnet KL-tr\u00e4 som under sommaren 2020 tillf\u00e4lligt uppf\u00f6rdes p\u00e5 Stortorget i S\u00e4ffle. F\u00f6rstudien vill utforska m\u00f6jligheten att genom sm\u00e5 men effektiva medel aktivera ett rum i staden, att locka till r\u00f6relse genom aktivering och lek, samt ur en st\u00f6rre kontext medverka till platsens attraktionskraft.&nbsp;<\/p>\n\n\n\n<p>H\u00e4r ing\u00e5r att unders\u00f6ka vilka aktiviteter&nbsp;<em>Trasmattorna<\/em>&nbsp;skall inneh\u00e5lla, vilka kostnader den fysiska konstruktionen medf\u00f6r samt lokalisering av l\u00e4mpliga platser f\u00f6r framtida utplacering. Arbetet skall f\u00f6ranleda ett projekt d\u00e4r fyra unika konstruktioner produceras och placeras i S\u00e4ffle, Arvika, Eda och \u00c5rj\u00e4ngs kommuner, f\u00f6r att sedan ambulera i samtliga v\u00e4rml\u00e4ndska kommuner. P\u00e5 s\u00e5 vis l\u00e4nkas olika delar av V\u00e4rmland samman och de h\u00e5llbara, cirkul\u00e4ra principer som ligger till grund f\u00f6r tillverkningen st\u00e4rker regionens fokus p\u00e5 b\u00e5de m\u00e4nniskan och resursen tr\u00e4.&nbsp;<\/p>\n\n\n\n<p>Studien involverar samverkan med flera av v\u00e5ra klusterkollegor: Compare, IUC och Paper Province. Med hj\u00e4lp av deras olika spetskompetens skall ett framtida projekt \u00e4ven ge bra f\u00f6ruts\u00e4ttningar att gemensamt bygga p\u00e5 lager i konstruktionerna f\u00f6r att visa allt det fantastiska V\u00e4rmland har att erbjuda.<\/p>\n","protected":false},"author":3,"featured_media":0,"template":"","class_list":["post-840","news","type-news","status-publish","hentry"],"acf":[],"lang":"sv","translations":{"sv":840},"pll_sync_post":[],"_links":{"self":[{"href":"https:\/\/www.visitvarmland.com\/corporate\/wp-json\/wp\/v2\/news\/840","targetHints":{"allow":["GET"]}}],"collection":[{"href":"https:\/\/www.visitvarmland.com\/corporate\/wp-json\/wp\/v2\/news"}],"about":[{"href":"https:\/\/www.visitvarmland.com\/corporate\/wp-json\/wp\/v2\/types\/news"}],"author":[{"embeddable":true,"href":"https:\/\/www.visitvarmland.com\/corporate\/wp-json\/wp\/v2\/users\/3"}],"wp:attachment":[{"href":"https:\/\/www.visitvarmland.com\/corporate\/wp-json\/wp\/v2\/media?parent=840"}],"curies":[{"name":"wp","href":"https:\/\/api.w.org\/{rel}","templated":true}]}}