{"id":842,"date":"2021-11-23T15:38:51","date_gmt":"2021-11-23T14:38:51","guid":{"rendered":"https:\/\/www.visitvarmland.com\/visitvarmland-org\/?post_type=news&#038;p=842"},"modified":"2024-06-03T17:47:10","modified_gmt":"2024-06-03T15:47:10","slug":"stod-for-korttidsarbete-samlas-hos-skatteverket-fran-1-april-2022","status":"publish","type":"news","link":"https:\/\/www.visitvarmland.com\/corporate\/nyheter\/stod-for-korttidsarbete-samlas-hos-skatteverket-fran-1-april-2022\/","title":{"rendered":"St\u00f6d f\u00f6r korttidsarbete samlas hos skatteverket fr\u00e5n 1 april 2022"},"content":{"rendered":"\n<p>Fr\u00e5n och med den 1 april 2022 ska Skatteverket ansvara f\u00f6r all hantering av st\u00f6d f\u00f6r korttidsarbete. Det krisst\u00f6d som \u00e4r kopplat till den p\u00e5g\u00e5ende Covid-19 pandemin kommer att hanteras av Tillv\u00e4xtverket tills dess att alla \u00e4renden \u00e4r avslutade. Alla ans\u00f6kningar som g\u00f6rs fr\u00e5n den 1 april 2022 och fram\u00e5t ska skickas till och handl\u00e4ggas av Skatteverket.<\/p>\n\n\n\n<div class=\"wp-block-atheme-component-action-button atheme-wrapper--action-button-single\"><a href=\"https:\/\/tillvaxtverket.se\/om-tillvaxtverket\/nyhetsrummet.html#\/pressreleases\/stoed-foer-korttidsarbete-samlas-hos-skatteverket-fraan-den-1-april-2022-3125495\" target=\"_self\" class=\"a-action a-action--arrow\" rel=\"noopener\"><span>L\u00e4s mer<\/span><\/a><\/div>\n","protected":false},"author":3,"featured_media":0,"template":"","class_list":["post-842","news","type-news","status-publish","hentry"],"acf":[],"lang":"sv","translations":{"sv":842},"pll_sync_post":[],"_links":{"self":[{"href":"https:\/\/www.visitvarmland.com\/corporate\/wp-json\/wp\/v2\/news\/842","targetHints":{"allow":["GET"]}}],"collection":[{"href":"https:\/\/www.visitvarmland.com\/corporate\/wp-json\/wp\/v2\/news"}],"about":[{"href":"https:\/\/www.visitvarmland.com\/corporate\/wp-json\/wp\/v2\/types\/news"}],"author":[{"embeddable":true,"href":"https:\/\/www.visitvarmland.com\/corporate\/wp-json\/wp\/v2\/users\/3"}],"wp:attachment":[{"href":"https:\/\/www.visitvarmland.com\/corporate\/wp-json\/wp\/v2\/media?parent=842"}],"curies":[{"name":"wp","href":"https:\/\/api.w.org\/{rel}","templated":true}]}}