{"id":844,"date":"2021-11-23T15:43:38","date_gmt":"2021-11-23T14:43:38","guid":{"rendered":"https:\/\/www.visitvarmland.com\/visitvarmland-org\/?post_type=news&#038;p=844"},"modified":"2024-06-03T17:47:10","modified_gmt":"2024-06-03T15:47:10","slug":"ny-publikation-om-konversationer-pa-sociala-medier-och-matrelaterade-sokningar-i-sverige","status":"publish","type":"news","link":"https:\/\/www.visitvarmland.com\/corporate\/nyheter\/ny-publikation-om-konversationer-pa-sociala-medier-och-matrelaterade-sokningar-i-sverige\/","title":{"rendered":"Ny publikation om konversationer p\u00e5 sociala medier och matrelaterade s\u00f6kningar i Sverige"},"content":{"rendered":"\n<p>Visit Sweden har inom m\u00e5ltidsprogrammet tagit fram en ny publikation &#8221;Konversationer p\u00e5 sociala medier och Matrelaterade s\u00f6kningar om Sverige&#8221;.<\/p>\n\n\n\n<p>Analysen har tittat p\u00e5 vad potentiella resen\u00e4rer pratar om i sociala medier och vilka s\u00f6kord som anv\u00e4nds relaterat till m\u00e5ltidsupplevelser i Sverige. Men \u00e4ven vilka omr\u00e5den, aktiviteter och teman som intresserar och efterfr\u00e5gas n\u00e4r potentiella resen\u00e4rer digitalt s\u00f6ker p\u00e5 svensk mat och dryck.<\/p>\n\n\n\n<p>Syftet \u00e4r att identifiera vad resen\u00e4rer fascineras av och inspirera till nya id\u00e9er eller ge nya uppslag till spetsig marknadsf\u00f6ring.<\/p>\n\n\n\n<p>H\u00e4r kan du ladda ner rapporten och f\u00e5 anv\u00e4ndbara rekommendationer inom varje omr\u00e5de!<\/p>\n\n\n\n<div class=\"wp-block-atheme-component-action-button atheme-wrapper--action-button-single\"><a href=\"https:\/\/corporate.visitsweden.com\/kunskap\/maltid\/konversationer-och-sokord-maltidsturism-2020\/\" target=\"_self\" class=\"a-action a-action--arrow\" rel=\"noopener\"><span>L\u00e4s mer<\/span><\/a><\/div>\n","protected":false},"author":3,"featured_media":0,"template":"","class_list":["post-844","news","type-news","status-publish","hentry"],"acf":[],"lang":"sv","translations":{"sv":844},"pll_sync_post":[],"_links":{"self":[{"href":"https:\/\/www.visitvarmland.com\/corporate\/wp-json\/wp\/v2\/news\/844","targetHints":{"allow":["GET"]}}],"collection":[{"href":"https:\/\/www.visitvarmland.com\/corporate\/wp-json\/wp\/v2\/news"}],"about":[{"href":"https:\/\/www.visitvarmland.com\/corporate\/wp-json\/wp\/v2\/types\/news"}],"author":[{"embeddable":true,"href":"https:\/\/www.visitvarmland.com\/corporate\/wp-json\/wp\/v2\/users\/3"}],"wp:attachment":[{"href":"https:\/\/www.visitvarmland.com\/corporate\/wp-json\/wp\/v2\/media?parent=844"}],"curies":[{"name":"wp","href":"https:\/\/api.w.org\/{rel}","templated":true}]}}