{"id":845,"date":"2021-11-23T15:44:48","date_gmt":"2021-11-23T14:44:48","guid":{"rendered":"https:\/\/www.visitvarmland.com\/visitvarmland-org\/?post_type=news&#038;p=845"},"modified":"2024-06-03T17:47:10","modified_gmt":"2024-06-03T15:47:10","slug":"sverige-forlanger-avradan-om-resor-och-inreseforbud","status":"publish","type":"news","link":"https:\/\/www.visitvarmland.com\/corporate\/nyheter\/sverige-forlanger-avradan-om-resor-och-inreseforbud\/","title":{"rendered":"Sverige f\u00f6rl\u00e4nger avr\u00e5dan om resor och inresef\u00f6rbud"},"content":{"rendered":"\n<p>UD f\u00f6rl\u00e4nger avr\u00e5dan om icke-n\u00f6dv\u00e4ndiga resor till de flesta av v\u00e4rldens l\u00e4nder, enligt ett pressmeddelande. Beslutet g\u00e4ller till och med den 15 oktober med anledning av det os\u00e4kra smittspridningsl\u00e4get i v\u00e4rlden.<\/p>\n\n\n\n<p>\u00c4ven Justitiedepartementet f\u00f6rl\u00e4nger inresef\u00f6rbudet f\u00f6r resande till Sverige till och med den 31 oktober. Det g\u00e4ller inresande b\u00e5de fr\u00e5n l\u00e4nder utanf\u00f6r och inom EU\/EES, utom de nordiska l\u00e4nderna.<\/p>\n\n\n\n<p>Ocks\u00e5 den som reser inom EU och innehar ett s\u00e5 kallat covidintyg kan resa in i Sverige utan restriktioner.<\/p>\n\n\n\n<div class=\"wp-block-atheme-component-action-button atheme-wrapper--action-button-single\"><a href=\"https:\/\/www.travelnews.se\/turism\/sverige-forlanger-avradan-om-resor-och-inreseforbud\/?utm_source=rule&amp;utm_medium=email&amp;utm_campaign=sverige%20f%C3%B6rl%C3%A4nger%20avr%C3%A5dan%20om%20resor%20och%20inresef%C3%B6rbud%2FIndien%20slopar%20flygf%C3%B6rbud%20f%C3%B6r%20737%20Max%2FLiseberg%20bland%20Europas%20tio-i-topp-parker&amp;utm_custom[rm]=145937284\" target=\"_self\" class=\"a-action a-action--arrow\" rel=\"noopener\"><span>L\u00e4s mer<\/span><\/a><\/div>\n","protected":false},"author":3,"featured_media":0,"template":"","class_list":["post-845","news","type-news","status-publish","hentry"],"acf":[],"lang":"sv","translations":{"sv":845},"pll_sync_post":[],"_links":{"self":[{"href":"https:\/\/www.visitvarmland.com\/corporate\/wp-json\/wp\/v2\/news\/845","targetHints":{"allow":["GET"]}}],"collection":[{"href":"https:\/\/www.visitvarmland.com\/corporate\/wp-json\/wp\/v2\/news"}],"about":[{"href":"https:\/\/www.visitvarmland.com\/corporate\/wp-json\/wp\/v2\/types\/news"}],"author":[{"embeddable":true,"href":"https:\/\/www.visitvarmland.com\/corporate\/wp-json\/wp\/v2\/users\/3"}],"wp:attachment":[{"href":"https:\/\/www.visitvarmland.com\/corporate\/wp-json\/wp\/v2\/media?parent=845"}],"curies":[{"name":"wp","href":"https:\/\/api.w.org\/{rel}","templated":true}]}}