{"id":846,"date":"2021-11-23T15:49:15","date_gmt":"2021-11-23T14:49:15","guid":{"rendered":"https:\/\/www.visitvarmland.com\/visitvarmland-org\/?post_type=news&#038;p=846"},"modified":"2024-06-03T17:47:09","modified_gmt":"2024-06-03T15:47:09","slug":"den-digitala-forflyttningen-kostnadsfri-kompetenshojning","status":"publish","type":"news","link":"https:\/\/www.visitvarmland.com\/corporate\/nyheter\/den-digitala-forflyttningen-kostnadsfri-kompetenshojning\/","title":{"rendered":"Den Digitala f\u00f6rflyttningen &#8211; kostnadsfri kompetensh\u00f6jning"},"content":{"rendered":"\n<p>H\u00e4ng med p\u00e5 det kostnadsfria kunskapslyftet som ska skapa digital f\u00f6rflyttning f\u00f6r det v\u00e4rml\u00e4ndska n\u00e4ringslivet!Gemensamt f\u00f6r samtliga utbildningspaket \u00e4r att stort fokus lagts p\u00e5 att skr\u00e4ddarsy insatserna efter f\u00f6retagens och de anst\u00e4lldas specifika behov. Tonvikten f\u00f6rdelas d\u00e4rf\u00f6r mellan gemensamma utbildningstillf\u00e4llen digitalt varannan vecka, d\u00e4r \u00f6vrig tid kan \u00e4gnas \u00e5t att implementera kunskaperna i verksamheten.<\/p>\n\n\n\n<div class=\"wp-block-atheme-component-action-button atheme-wrapper--action-button-single\"><a href=\"https:\/\/www.compare.se\/nyhet\/nu-startar-digital-forflyttning-for-det-varmlandska-naringslivet\" target=\"_self\" class=\"a-action a-action--arrow\" rel=\"noopener\"><span>L\u00e4s mer h\u00e4r<\/span><\/a><\/div>\n","protected":false},"author":3,"featured_media":0,"template":"","class_list":["post-846","news","type-news","status-publish","hentry"],"acf":[],"lang":"sv","translations":{"sv":846},"pll_sync_post":[],"_links":{"self":[{"href":"https:\/\/www.visitvarmland.com\/corporate\/wp-json\/wp\/v2\/news\/846","targetHints":{"allow":["GET"]}}],"collection":[{"href":"https:\/\/www.visitvarmland.com\/corporate\/wp-json\/wp\/v2\/news"}],"about":[{"href":"https:\/\/www.visitvarmland.com\/corporate\/wp-json\/wp\/v2\/types\/news"}],"author":[{"embeddable":true,"href":"https:\/\/www.visitvarmland.com\/corporate\/wp-json\/wp\/v2\/users\/3"}],"wp:attachment":[{"href":"https:\/\/www.visitvarmland.com\/corporate\/wp-json\/wp\/v2\/media?parent=846"}],"curies":[{"name":"wp","href":"https:\/\/api.w.org\/{rel}","templated":true}]}}