{"id":850,"date":"2021-11-23T15:55:36","date_gmt":"2021-11-23T14:55:36","guid":{"rendered":"https:\/\/www.visitvarmland.com\/visitvarmland-org\/?post_type=news&#038;p=850"},"modified":"2024-06-03T17:47:09","modified_gmt":"2024-06-03T15:47:09","slug":"beslut-om-korttidsstod-blir-offentliga","status":"publish","type":"news","link":"https:\/\/www.visitvarmland.com\/corporate\/nyheter\/beslut-om-korttidsstod-blir-offentliga\/","title":{"rendered":"Beslut om korttidsst\u00f6d blir offentliga"},"content":{"rendered":"\n<p>Fr\u00e5n och med den 1 augusti \u00e4r det offentligt vilka f\u00f6retag och organisationer som\u202fhar f\u00e5tt korttidsst\u00f6d\u202feller som har f\u00e5tt avslag.\u202fLag\u00e4ndringen\u202fg\u00e4ller f\u00f6retag\u202feller organisationer\u202fsom har ans\u00f6kt om korttidsst\u00f6d den 22 oktober 2020 eller senare.\u00a0Fr\u00e5n och med den\u202f21 oktober 2021 blir alla beslut\u202finom korttidsst\u00f6det\u202foffentliga. Att besluten blir offentliga i tv\u00e5 steg beror p\u00e5 att regeringen har\u202fvelat\u202fge extra tid till\u202fde\u202fsom ans\u00f6kte om st\u00f6det innan\u202ff\u00f6rslaget om att\u202foffentligg\u00f6ra besluten\u202flades fram.<\/p>\n\n\n\n<div class=\"wp-block-atheme-component-action-button atheme-wrapper--action-button-single\"><a href=\"https:\/\/tillvaxtverket.se\/om-tillvaxtverket\/nyhetsrummet.html#\/pressreleases\/saa-kan-du-ta-del-av-besluten-om-stoed-foer-korttidsarbete-3117384\" target=\"_self\" class=\"a-action a-action--arrow\" rel=\"noopener\"><span>L\u00e4s mer h\u00e4r<\/span><\/a><\/div>\n","protected":false},"author":3,"featured_media":0,"template":"","class_list":["post-850","news","type-news","status-publish","hentry"],"acf":[],"lang":"sv","translations":{"sv":850},"pll_sync_post":[],"_links":{"self":[{"href":"https:\/\/www.visitvarmland.com\/corporate\/wp-json\/wp\/v2\/news\/850","targetHints":{"allow":["GET"]}}],"collection":[{"href":"https:\/\/www.visitvarmland.com\/corporate\/wp-json\/wp\/v2\/news"}],"about":[{"href":"https:\/\/www.visitvarmland.com\/corporate\/wp-json\/wp\/v2\/types\/news"}],"author":[{"embeddable":true,"href":"https:\/\/www.visitvarmland.com\/corporate\/wp-json\/wp\/v2\/users\/3"}],"wp:attachment":[{"href":"https:\/\/www.visitvarmland.com\/corporate\/wp-json\/wp\/v2\/media?parent=850"}],"curies":[{"name":"wp","href":"https:\/\/api.w.org\/{rel}","templated":true}]}}