{"id":851,"date":"2021-11-23T15:57:07","date_gmt":"2021-11-23T14:57:07","guid":{"rendered":"https:\/\/www.visitvarmland.com\/visitvarmland-org\/?post_type=news&#038;p=851"},"modified":"2024-06-03T17:47:09","modified_gmt":"2024-06-03T15:47:09","slug":"evenemangsstod-2021","status":"publish","type":"news","link":"https:\/\/www.visitvarmland.com\/corporate\/nyheter\/evenemangsstod-2021\/","title":{"rendered":"Evenemangsst\u00f6d 2021"},"content":{"rendered":"\n<p>Syftet med evenemangsst\u00f6det \u00e4r att underl\u00e4tta f\u00f6r arrang\u00f6rer och underleverant\u00f6rer av evenemang under perioden juni-december 2021. Du kan s\u00f6ka st\u00f6det om evenemanget inte kan genomf\u00f6ras eller m\u00e5ste begr\u00e4nsas i stor utstr\u00e4ckning till f\u00f6ljd av restriktioner med anledning av spridningen av covid-19.St\u00f6det uppg\u00e5r till 70 procent av de kostnader som inte t\u00e4cks av int\u00e4kter eller andra st\u00f6d. Maxbeloppet \u00e4r 17,5 miljoner kronor. Det \u00e4r ocks\u00e5 m\u00f6jligt att s\u00f6ka f\u00f6rhandsbesked.St\u00f6det kan s\u00f6kas fr\u00e5n och med den 10 augusti 2021 fram till och med den 31 december 2021<\/p>\n\n\n\n<div class=\"wp-block-atheme-component-action-button atheme-wrapper--action-button-single\"><a href=\"https:\/\/www.skatteverket.se\/foretag\/skatterochavdrag\/coronainformationforforetagforeningarochoffentligaaktorer\/evenemangsstod2021.4.96cca41179bad4b1aa4acc.html\" target=\"_self\" class=\"a-action a-action--arrow\" rel=\"noopener\"><span>L\u00e4s mer h\u00e4r<\/span><\/a><\/div>\n","protected":false},"author":3,"featured_media":0,"template":"","class_list":["post-851","news","type-news","status-publish","hentry"],"acf":[],"lang":"sv","translations":{"sv":851},"pll_sync_post":[],"_links":{"self":[{"href":"https:\/\/www.visitvarmland.com\/corporate\/wp-json\/wp\/v2\/news\/851","targetHints":{"allow":["GET"]}}],"collection":[{"href":"https:\/\/www.visitvarmland.com\/corporate\/wp-json\/wp\/v2\/news"}],"about":[{"href":"https:\/\/www.visitvarmland.com\/corporate\/wp-json\/wp\/v2\/types\/news"}],"author":[{"embeddable":true,"href":"https:\/\/www.visitvarmland.com\/corporate\/wp-json\/wp\/v2\/users\/3"}],"wp:attachment":[{"href":"https:\/\/www.visitvarmland.com\/corporate\/wp-json\/wp\/v2\/media?parent=851"}],"curies":[{"name":"wp","href":"https:\/\/api.w.org\/{rel}","templated":true}]}}