{"id":857,"date":"2021-11-23T16:09:28","date_gmt":"2021-11-23T15:09:28","guid":{"rendered":"https:\/\/www.visitvarmland.com\/visitvarmland-org\/?post_type=news&#038;p=857"},"modified":"2024-06-03T17:47:09","modified_gmt":"2024-06-03T15:47:09","slug":"nominera-till-varmlands-turismpris-2021","status":"publish","type":"news","link":"https:\/\/www.visitvarmland.com\/corporate\/nyheter\/nominera-till-varmlands-turismpris-2021\/","title":{"rendered":"Nominera till V\u00e4rmlands Turismpris 2021"},"content":{"rendered":"\n<p>Med V\u00e4rmlands Turismpris uppm\u00e4rksammar Visit V\u00e4rmland ett f\u00f6retag eller organisation&nbsp;som p\u00e5 ett betydelsefullt s\u00e4tt bidragit till att st\u00e4rka V\u00e4rmlands bes\u00f6ksn\u00e4ring.<\/p>\n\n\n\n<p>Juryn best\u00e5r av Visit V\u00e4rmlands styrelse.&nbsp;Priset, f\u00f6rutom diplom \u00e4r en check p\u00e5 10.000:- som ska anv\u00e4ndas till utbildning eller n\u00e5got annat som vinnaren anser kan vara till hj\u00e4lp till att utveckla sin verkamhet ytterligare. Priset delas ut i mitten av september och vinnaren kommer ocks\u00e5 att uppm\u00e4rksammas under V\u00e4rmlands Bes\u00f6ksn\u00e4ringsdagar 2021 (datum kommer inom kort).<\/p>\n\n\n\n<p>Nomineringsprocessen \u00e4r \u00f6ppen f\u00f6r alla, du kan \u00e4ven nominera dig sj\u00e4lv! Motivera utifr\u00e5n de olika kriterierna.<\/p>\n\n\n\n<h2 class=\"wp-block-heading\">Kriterier f\u00f6r V\u00e4rmlands Turismpris:<\/h2>\n\n\n\n<p>\u2022 Huvudkriterium: Pristagare bidrar till NYT\u00c4NKANDE och INNOVATIV UTVECKLING av bes\u00f6ksn\u00e4ringen<\/p>\n\n\n\n<p>\u2022 H\u00e5llbarhetskriterium: Pristagaren utvecklar METODISK och M\u00c5LMEDVETET en h\u00e5llbar verksamhet<\/p>\n\n\n\n<p>\u2022 Kunskapskriterium: Pristagaren utvecklar, sprider och delar nya f\u00e4rdigheter och kunskaper f\u00f6r att st\u00e4rka bes\u00f6ksn\u00e4ringen.<\/p>\n\n\n\n<p>\u2022 Omst\u00e4llningskriterium: Pristagaren har under Corona-pandemin lyckats v\u00e4nda de negativa konsekvenserna av krisen till n\u00e5got som utvecklar verksamheten.<\/p>\n\n\n\n<p><strong><em>Nominera senast den 31 juli.<\/em><\/strong><\/p>\n\n\n\n<p>Tre finalister utses av en jury best\u00e5ende av Visit V\u00e4rmlands styrelse. Finalisterna presenteras i Visit V\u00e4rmlands kanaler med ett r\u00f6stningsf\u00f6rfarande, d\u00e4r alla kan vara med och utse \u00e5rets vinnare i V\u00e4rmlands Turismpris.Vinnaren av V\u00e4rmlands Turismpris 2021 presenteras senast 14 september och blir \u00e4ven V\u00e4rmlands kandidat till&nbsp;<a href=\"https:\/\/tillvaxtverket.se\/kampanjer\/stora-turismpriset\/om-stora-turismpriset.html\" target=\"_blank\" rel=\"noopener\">Stora Turismpriset 2021.<\/a><\/p>\n","protected":false},"author":3,"featured_media":0,"template":"","class_list":["post-857","news","type-news","status-publish","hentry"],"acf":[],"lang":"sv","translations":{"sv":857},"pll_sync_post":[],"_links":{"self":[{"href":"https:\/\/www.visitvarmland.com\/corporate\/wp-json\/wp\/v2\/news\/857","targetHints":{"allow":["GET"]}}],"collection":[{"href":"https:\/\/www.visitvarmland.com\/corporate\/wp-json\/wp\/v2\/news"}],"about":[{"href":"https:\/\/www.visitvarmland.com\/corporate\/wp-json\/wp\/v2\/types\/news"}],"author":[{"embeddable":true,"href":"https:\/\/www.visitvarmland.com\/corporate\/wp-json\/wp\/v2\/users\/3"}],"wp:attachment":[{"href":"https:\/\/www.visitvarmland.com\/corporate\/wp-json\/wp\/v2\/media?parent=857"}],"curies":[{"name":"wp","href":"https:\/\/api.w.org\/{rel}","templated":true}]}}