{"id":858,"date":"2021-11-23T16:11:14","date_gmt":"2021-11-23T15:11:14","guid":{"rendered":"https:\/\/www.visitvarmland.com\/visitvarmland-org\/?post_type=news&#038;p=858"},"modified":"2024-06-03T17:47:09","modified_gmt":"2024-06-03T15:47:09","slug":"cykel-och-husbilsforetag-vaxlar-upp-i-hemestertider","status":"publish","type":"news","link":"https:\/\/www.visitvarmland.com\/corporate\/nyheter\/cykel-och-husbilsforetag-vaxlar-upp-i-hemestertider\/","title":{"rendered":"Cykel- och husbilsf\u00f6retag v\u00e4xlar upp i hemestertider"},"content":{"rendered":"\n<p>Cykelaff\u00e4rer, husbilshandlare och byggvarubutiker har \u00f6kat sin f\u00f6rs\u00e4ljning under pandemin, visar statistiken.<\/p>\n\n\n\n<div class=\"wp-block-atheme-component-action-button atheme-wrapper--action-button-single\"><a href=\"https:\/\/www.scb.se\/hitta-statistik\/redaktionellt\/cykel--och-husbilsforetag-vaxlar-upp-i-hemestertider\/\" target=\"_self\" class=\"a-action a-action--arrow\" rel=\"noopener\"><span>L\u00e4s artikeln<\/span><\/a><\/div>\n","protected":false},"author":3,"featured_media":0,"template":"","class_list":["post-858","news","type-news","status-publish","hentry"],"acf":[],"lang":"sv","translations":{"sv":858},"pll_sync_post":[],"_links":{"self":[{"href":"https:\/\/www.visitvarmland.com\/corporate\/wp-json\/wp\/v2\/news\/858","targetHints":{"allow":["GET"]}}],"collection":[{"href":"https:\/\/www.visitvarmland.com\/corporate\/wp-json\/wp\/v2\/news"}],"about":[{"href":"https:\/\/www.visitvarmland.com\/corporate\/wp-json\/wp\/v2\/types\/news"}],"author":[{"embeddable":true,"href":"https:\/\/www.visitvarmland.com\/corporate\/wp-json\/wp\/v2\/users\/3"}],"wp:attachment":[{"href":"https:\/\/www.visitvarmland.com\/corporate\/wp-json\/wp\/v2\/media?parent=858"}],"curies":[{"name":"wp","href":"https:\/\/api.w.org\/{rel}","templated":true}]}}