{"id":859,"date":"2021-11-23T16:12:21","date_gmt":"2021-11-23T15:12:21","guid":{"rendered":"https:\/\/www.visitvarmland.com\/visitvarmland-org\/?post_type=news&#038;p=859"},"modified":"2024-06-03T17:47:09","modified_gmt":"2024-06-03T15:47:09","slug":"idag-infors-eus-vaccinpass-vad-galler","status":"publish","type":"news","link":"https:\/\/www.visitvarmland.com\/corporate\/nyheter\/idag-infors-eus-vaccinpass-vad-galler\/","title":{"rendered":"Idag inf\u00f6rs EU&#8217;s vaccinpass, vad g\u00e4ller?"},"content":{"rendered":"\n<p>Covidbeviset best\u00e5r av en QR-kod i din mobil och du h\u00e4mtar det till din digitala brevl\u00e5da fr\u00e5n sajten covidbevis.se som \u00f6ppnar i dag 1 juli.<\/p>\n\n\n\n<ul class=\"wp-block-list\"><li>Det \u00e4r l\u00e4ndernas myndigheter som ansvarar f\u00f6r intygen.<\/li><li>EU:s digitala covidintyg kommer att godtas i alla EUs medlemsl\u00e4nder och bidrar d\u00e4rf\u00f6r till att reserestriktionerna kan h\u00e4vas p\u00e5 ett samordnat s\u00e4tt.<\/li><li>Vaccinationsintyg kommer att utf\u00e4rdas f\u00f6r alla som vaccineras mot covid-19, oavsett vaccin.<\/li><li>Beviset \u00e4r tillg\u00e4ngligt i 90 dagar. D\u00e4refter kan du h\u00e4mta ett nytt intyg gratis hur m\u00e5nga g\u00e5nger som helst.<\/li><\/ul>\n\n\n\n<div class=\"wp-block-atheme-component-action-button atheme-wrapper--action-button-single\"><a href=\"https:\/\/www.travelnews.se\/ovrigt\/i-dag-infors-eus-vaccinpass-guide-sa-fungerar-det\/?fbclid=IwAR1YsE8UqY0UmYvLAsYCUYIZs6XuyEWuAY0sC9huQtZ6zuKUhmw2p6Gaff8\" target=\"_self\" class=\"a-action a-action--arrow\" rel=\"noopener\"><span>L\u00e4s mer<\/span><\/a><\/div>\n","protected":false},"author":3,"featured_media":0,"template":"","class_list":["post-859","news","type-news","status-publish","hentry"],"acf":[],"lang":"sv","translations":{"sv":859},"pll_sync_post":[],"_links":{"self":[{"href":"https:\/\/www.visitvarmland.com\/corporate\/wp-json\/wp\/v2\/news\/859","targetHints":{"allow":["GET"]}}],"collection":[{"href":"https:\/\/www.visitvarmland.com\/corporate\/wp-json\/wp\/v2\/news"}],"about":[{"href":"https:\/\/www.visitvarmland.com\/corporate\/wp-json\/wp\/v2\/types\/news"}],"author":[{"embeddable":true,"href":"https:\/\/www.visitvarmland.com\/corporate\/wp-json\/wp\/v2\/users\/3"}],"wp:attachment":[{"href":"https:\/\/www.visitvarmland.com\/corporate\/wp-json\/wp\/v2\/media?parent=859"}],"curies":[{"name":"wp","href":"https:\/\/api.w.org\/{rel}","templated":true}]}}