{"id":860,"date":"2021-11-23T16:33:28","date_gmt":"2021-11-23T15:33:28","guid":{"rendered":"https:\/\/www.visitvarmland.com\/visitvarmland-org\/?post_type=news&#038;p=860"},"modified":"2024-06-03T17:47:08","modified_gmt":"2024-06-03T15:47:08","slug":"anpassning-av-smittskyddsatgarder-fran-1-juli","status":"publish","type":"news","link":"https:\/\/www.visitvarmland.com\/corporate\/nyheter\/anpassning-av-smittskyddsatgarder-fran-1-juli\/","title":{"rendered":"Anpassning av smittskydds\u00e5tg\u00e4rder fr\u00e5n 1 juli"},"content":{"rendered":"\n<p>Storleken p\u00e5 allm\u00e4nna sammankomster och offentliga tillst\u00e4llningar \u00e4ndras fr\u00e5n och med 1 juli, niv\u00e5 2<\/p>\n\n\n\n<p>Hur m\u00e5nga som efter 1 juli f\u00e5r delta beror p\u00e5 om sammankomsten sker inomhus eller utomhus, och om deltagarna har anvisade sittplatser. S\u00e4rskilda regler g\u00e4ller vid evenemang utomhus som delats upp i sektioner.<\/p>\n\n\n\n<p>Antalet till\u00e5tna deltagare p\u00e5 privata sammankomster, som privata fester, i hyrda lokaler h\u00f6js till max 50.<\/p>\n\n\n\n<ul class=\"wp-block-list\"><li>Inomhus 50<\/li><li>Inomhus sittande 300<\/li><li>Utomhus 600<\/li><li>Utomhus sittande 3000<\/li><li>Motionslopp 900<\/li><\/ul>\n","protected":false},"author":3,"featured_media":0,"template":"","class_list":["post-860","news","type-news","status-publish","hentry"],"acf":[],"lang":"sv","translations":{"sv":860},"pll_sync_post":[],"_links":{"self":[{"href":"https:\/\/www.visitvarmland.com\/corporate\/wp-json\/wp\/v2\/news\/860","targetHints":{"allow":["GET"]}}],"collection":[{"href":"https:\/\/www.visitvarmland.com\/corporate\/wp-json\/wp\/v2\/news"}],"about":[{"href":"https:\/\/www.visitvarmland.com\/corporate\/wp-json\/wp\/v2\/types\/news"}],"author":[{"embeddable":true,"href":"https:\/\/www.visitvarmland.com\/corporate\/wp-json\/wp\/v2\/users\/3"}],"wp:attachment":[{"href":"https:\/\/www.visitvarmland.com\/corporate\/wp-json\/wp\/v2\/media?parent=860"}],"curies":[{"name":"wp","href":"https:\/\/api.w.org\/{rel}","templated":true}]}}