{"id":861,"date":"2021-11-23T16:35:22","date_gmt":"2021-11-23T15:35:22","guid":{"rendered":"https:\/\/www.visitvarmland.com\/visitvarmland-org\/?post_type=news&#038;p=861"},"modified":"2024-06-03T17:47:08","modified_gmt":"2024-06-03T15:47:08","slug":"varmland-foljer-de-nationella-anpassningarna-och-gar-in-i-steg-2-den-1-juli","status":"publish","type":"news","link":"https:\/\/www.visitvarmland.com\/corporate\/nyheter\/varmland-foljer-de-nationella-anpassningarna-och-gar-in-i-steg-2-den-1-juli\/","title":{"rendered":"V\u00e4rmland f\u00f6ljer de nationella anpassningarna och g\u00e5r in i steg 2 den 1 juli"},"content":{"rendered":"\n<p>Smittskydd V\u00e4rmland meddelar i ett pressmeddelande att man kommer att f\u00f6lja de planerade nationella anpassningarna av smittskydds\u00e5tg\u00e4rder. Det inneb\u00e4r att \u00e4ven V\u00e4rmland g\u00e5r in i niv\u00e5 2 fr\u00e5n den 1 juli.<\/p>\n\n\n\n<div class=\"wp-block-atheme-component-action-button atheme-wrapper--action-button-single\"><a href=\"https:\/\/www.regionvarmland.se\/om-regionen\/pressrum\/Pressmeddelanden\/2021\/06\/varmland-foljer-de-nationella-anpassningarna\/\" target=\"_self\" class=\"a-action a-action--arrow\" rel=\"noopener\"><span>L\u00e4s pressmeddelandet<\/span><\/a><\/div>\n","protected":false},"author":3,"featured_media":0,"template":"","class_list":["post-861","news","type-news","status-publish","hentry"],"acf":[],"lang":"sv","translations":{"sv":861},"pll_sync_post":[],"_links":{"self":[{"href":"https:\/\/www.visitvarmland.com\/corporate\/wp-json\/wp\/v2\/news\/861","targetHints":{"allow":["GET"]}}],"collection":[{"href":"https:\/\/www.visitvarmland.com\/corporate\/wp-json\/wp\/v2\/news"}],"about":[{"href":"https:\/\/www.visitvarmland.com\/corporate\/wp-json\/wp\/v2\/types\/news"}],"author":[{"embeddable":true,"href":"https:\/\/www.visitvarmland.com\/corporate\/wp-json\/wp\/v2\/users\/3"}],"wp:attachment":[{"href":"https:\/\/www.visitvarmland.com\/corporate\/wp-json\/wp\/v2\/media?parent=861"}],"curies":[{"name":"wp","href":"https:\/\/api.w.org\/{rel}","templated":true}]}}