{"id":863,"date":"2021-06-28T16:40:00","date_gmt":"2021-06-28T14:40:00","guid":{"rendered":"https:\/\/www.visitvarmland.com\/visitvarmland-org\/?post_type=news&#038;p=863"},"modified":"2024-06-03T17:47:12","modified_gmt":"2024-06-03T15:47:12","slug":"utvecklingskontor-for-hallbart-arbetsliv-och-naringsliv-oppnar-i-vastra-varmland","status":"publish","type":"news","link":"https:\/\/www.visitvarmland.com\/corporate\/nyheter\/utvecklingskontor-for-hallbart-arbetsliv-och-naringsliv-oppnar-i-vastra-varmland\/","title":{"rendered":"Utvecklingskontor f\u00f6r h\u00e5llbart arbetsliv och n\u00e4ringsliv \u00f6ppnar i v\u00e4stra V\u00e4rmland"},"content":{"rendered":"\n<p><strong>F\u00f6r ett par veckor sedan beslutade regionala utvecklingsn\u00e4mnden att medfinansiera Utvecklingskontor v\u00e4stra V\u00e4rmland. Nu har \u00e4ven EU:s regionala utvecklingsfond beslutat att bevilja medel till gr\u00e4nskommunernas omst\u00e4llningsarbete. Totalt satsas 14 miljoner kronor i projektet, som ska st\u00f6tta inv\u00e5nare och f\u00f6retagare som drabbats h\u00e5rt av pandemin och den st\u00e4ngda nationsgr\u00e4nsen mot Norge.<\/strong><\/p>\n\n\n\n<p>\u2013 Det h\u00e4r \u00e4r ett mycket v\u00e4lkommet besked f\u00f6r inv\u00e5nare och f\u00f6retagare i V\u00e4rmlands fyra gr\u00e4nskommuner, som betalar ett h\u00f6gt pris f\u00f6r de problem den st\u00e4ngda gr\u00e4nsen orsakar, s\u00e4ger Birgitta Evensson, kommunchef i \u00c5rj\u00e4ng.<\/p>\n\n\n\n<p>Arvika, Eda, \u00c5rj\u00e4ng och Torsby kommuner gr\u00e4nsar alla till Norge. N\u00e4r smittspridningen tog ny fart och pandemin f\u00f6rv\u00e4rrades under f\u00f6rra h\u00f6sten best\u00e4mde de sig f\u00f6r att initiera en gemensam kraftsamling i syfte att lindra konsekvenserna. Utan norska kunder och bes\u00f6kare hade int\u00e4kterna rasat f\u00f6r gr\u00e4nshandeln, lokala servicef\u00f6retag och i bes\u00f6ksn\u00e4ringen. M\u00e4nniskor permitterades, varslades och f\u00f6rlorade sina jobb. Arbetspendlare kunde inte ta sig till jobbet.<\/p>\n\n\n\n<p>\u2014 Utvecklingskontor v\u00e4stra V\u00e4rmland ska underl\u00e4tta och st\u00f6tta omst\u00e4llning f\u00f6r v\u00e5ra inv\u00e5nare samt sm\u00e5 och medelstora f\u00f6retag, konstaterar Anders Andersson, kommunchef i Eda. F\u00f6r enskilda individer kan det till exempel handla om utbildning, och f\u00f6retagen f\u00e5r bland annat m\u00f6jlighet till produktutveckling med sikte p\u00e5 att n\u00e5 nya kundgrupper och marknader.<\/p>\n\n\n\n<p>Utvecklingskontor v\u00e4stra V\u00e4rmland f\u00e5r sin bas p\u00e5 Arvika N\u00e4ringslivscentrum. Totalt tills\u00e4tts 5,5 tj\u00e4nster i projektet; hos Arvika N\u00e4ringslivscentrum, Visit V\u00e4rmland och i de fyra kommunerna. P\u00e5 plats i Arvika, Eda, Torsby och \u00c5rj\u00e4ng ska projektet arbeta helt och h\u00e5llet behovsstyrt i samverkan med det lokala n\u00e4ringslivet.<\/p>\n\n\n\n<p>\u2014 Projektet ger oss m\u00f6jlighet att satsa mer \u00e4n n\u00e5gonsin p\u00e5 att ha en direkt dialog med v\u00e5ra lokala sm\u00e5 och medelstora f\u00f6retag, s\u00e4ger Thomas Stjerndorff, kommunchef i Torsby. M\u00e5nga f\u00f6retagare kan r\u00e4kna med bes\u00f6k s\u00e5 snart vi kan tr\u00e4ffas fysiskt igen.<\/p>\n\n\n\n<p>Eftersom bes\u00f6ksn\u00e4ringens entrepren\u00f6rer \u00e4r bland de v\u00e4rst drabbade \u00e4r Visit V\u00e4rmland en viktig samverkanspart f\u00f6r projektet. Platsutveckling inneb\u00e4r en lokal kraftsamling d\u00e4r inv\u00e5nare, f\u00f6retag, kommun och f\u00f6reningsliv tillsammans arbetar f\u00f6r att deras plats i v\u00e4rlden ska vara s\u00e5 attraktiv att befintliga inv\u00e5nare vill bo kvar, bes\u00f6ksm\u00e5l och destinationer skapas, och f\u00f6retag vill etablera sig p\u00e5 orten.<\/p>\n\n\n\n<p>\u2014 F\u00f6r oss \u00e4r det otroligt viktigt att vara samverkanspart i detta arbete, tillsammans \u00e4r b\u00e4st och v\u00e4stra V\u00e4rmland har s\u00e5 mycket att erbjuda b\u00e5de de som lever, verkar, bor &amp; bes\u00f6ker detta omr\u00e5de. s\u00e4ger Mia Landin VD Visit V\u00e4rmland. Vi inom Visit V\u00e4rmland kommer att tillsammans med \u00f6vriga arbeta f\u00f6r \u00f6kad attraktion och fler och nya arbetstillf\u00e4llen.<\/p>\n\n\n\n<p>Utvecklingskontor v\u00e4stra V\u00e4rmland startar upp verksamheten redan nu under sommaren, f\u00f6r att efter semesterperioden vara i g\u00e5ng f\u00f6r fullt.<\/p>\n\n\n\n<p>\u2014 Jag vill passa p\u00e5 att tacka f\u00f6r den st\u00f6ttning med kompetens och resurser vi har f\u00e5tt fr\u00e5n Region V\u00e4rmland, s\u00e4ger Birger Pettersson Wiik, chef p\u00e5 Arvika N\u00e4ringslivscentrum. Det har gjort det m\u00f6jligt f\u00f6r oss att forma ett komplett omst\u00e4llningsprojekt med fokus p\u00e5 l\u00e5ngsiktig h\u00e5llbarhet.<\/p>\n","protected":false},"author":3,"featured_media":0,"template":"","class_list":["post-863","news","type-news","status-publish","hentry"],"acf":[],"lang":"sv","translations":{"sv":863},"pll_sync_post":[],"_links":{"self":[{"href":"https:\/\/www.visitvarmland.com\/corporate\/wp-json\/wp\/v2\/news\/863","targetHints":{"allow":["GET"]}}],"collection":[{"href":"https:\/\/www.visitvarmland.com\/corporate\/wp-json\/wp\/v2\/news"}],"about":[{"href":"https:\/\/www.visitvarmland.com\/corporate\/wp-json\/wp\/v2\/types\/news"}],"author":[{"embeddable":true,"href":"https:\/\/www.visitvarmland.com\/corporate\/wp-json\/wp\/v2\/users\/3"}],"wp:attachment":[{"href":"https:\/\/www.visitvarmland.com\/corporate\/wp-json\/wp\/v2\/media?parent=863"}],"curies":[{"name":"wp","href":"https:\/\/api.w.org\/{rel}","templated":true}]}}