{"id":865,"date":"2021-11-24T08:45:17","date_gmt":"2021-11-24T07:45:17","guid":{"rendered":"https:\/\/www.visitvarmland.com\/visitvarmland-org\/?post_type=news&#038;p=865"},"modified":"2024-06-03T17:47:08","modified_gmt":"2024-06-03T15:47:08","slug":"gott-samarbete-ger-mersmak-smaka-pa-varmland","status":"publish","type":"news","link":"https:\/\/www.visitvarmland.com\/corporate\/nyheter\/gott-samarbete-ger-mersmak-smaka-pa-varmland\/","title":{"rendered":"Gott samarbete ger mersmak &#8211; Smaka p\u00e5 V\u00e4rmland"},"content":{"rendered":"\n<p>Den stora matfesten Smaka p\u00e5 V\u00e4rmland har arrangerats 10 \u00e5r i rad i samarbete mellan flera lokala och regionala organisationer. Evenemanget har f\u00e5tt tusentals sugna bes\u00f6kare att uppt\u00e4cka v\u00e4rml\u00e4ndsk mat och genomf\u00f6rdes f\u00f6rra \u00e5ret som en smakrunda p\u00e5 n\u00e4rmare 70 platser och med 100 entrepren\u00f6rer involverade. Nu har Nifa, Visit V\u00e4rmland och Kristinehamns kommun best\u00e4mt sig f\u00f6r att Smaka p\u00e5 V\u00e4rmland ska v\u00e4xa \u00e4nnu mer!&nbsp;<\/p>\n\n\n\n<p>&#8211; Smaka p\u00e5 V\u00e4rmland \u00e4r ett starkt varum\u00e4rke som genererar bes\u00f6kare, f\u00f6rs\u00e4ljning och en \u00f6kad medvetenhet bland konsumenter om vilka duktiga mat- och dryckeshantverkare som finns h\u00e4r. Vi har jobbat f\u00f6r att f\u00f6rst\u00e4rka bes\u00f6ksupplevelsen p\u00e5 olika s\u00e4tt och f\u00e5 \u00e4nnu fler n\u00f6jda bes\u00f6kare. Det visar flera unders\u00f6kningar att vi har lyckats med, s\u00e4ger Ulrika Ganterud Evermark, turistchef, Kristinehamns kommun.<\/p>\n\n\n\n<p>Nu vill vi bredda smakpaletten och g\u00f6ra fler aktiviteter tillsammans under namnet Smaka p\u00e5 V\u00e4rmland.&nbsp;&nbsp;<\/p>\n\n\n\n<p>&#8211; Vi ska forts\u00e4tta att arrangera b\u00e5de smakrunda och matfestival i slutet av september \u2013 det \u00e4r givet -men planen \u00e4r att successivt ut\u00f6ka med fler aktiviteter och verksamheter \u00e4ven under andra delar av \u00e5ret. Nifa kommer att ansvara f\u00f6r den utvecklingen, vilket vi \u00e4r v\u00e4ldigt taggade inf\u00f6r, s\u00e4ger Claes Jonasson, VD, Nifa.<\/p>\n\n\n\n<p>&#8211; Smaka p\u00e5 V\u00e4rmland kan bidra till att maten blir en starkare reseanledning till regionen, s\u00e4ger Mia Landin VD. Och \u00e4nnu mer s\u00e5 n\u00e4r det breddas och f\u00f6rst\u00e4rks. Det ligger helt i linje med satsningar p\u00e5 m\u00e5ltidsturism och redan nu knyter vi exempelvis Smaka p\u00e5 V\u00e4rmland till v\u00e5r del av Visit Swedens kampanj Edible Country och SM i utomhusmatlagning i S\u00e4ffle under h\u00f6sten.<\/p>\n\n\n\n<p>Nifa, Visit V\u00e4rmland och Kristinehamns kommun har samverkat kring Smaka p\u00e5 V\u00e4rmland tidigare. Med gemensamma krafter kan vi nu f\u00e5 till en utveckling som involverar fler kommuner, fler platser och fler f\u00f6retag och vi \u00e4r \u00f6vertygade att samarbetet ger mersmak, avslutar de samst\u00e4mmigt.\u00a0<\/p>\n\n\n\n<div class=\"wp-block-atheme-component-action-button atheme-wrapper--action-button-single\"><a href=\"https:\/\/www.visitvarmland.com\/visitvarmland-org\/wp-content\/uploads\/sites\/20\/2021\/11\/pressmeddelande_smaka_pa_varmland.pdf\" target=\"_self\" class=\"a-action a-action--arrow\" rel=\"noopener\"><span>Till Pressmeddelandet<\/span><\/a><\/div>\n","protected":false},"author":3,"featured_media":0,"template":"","class_list":["post-865","news","type-news","status-publish","hentry"],"acf":[],"lang":"sv","translations":{"sv":865},"pll_sync_post":[],"_links":{"self":[{"href":"https:\/\/www.visitvarmland.com\/corporate\/wp-json\/wp\/v2\/news\/865","targetHints":{"allow":["GET"]}}],"collection":[{"href":"https:\/\/www.visitvarmland.com\/corporate\/wp-json\/wp\/v2\/news"}],"about":[{"href":"https:\/\/www.visitvarmland.com\/corporate\/wp-json\/wp\/v2\/types\/news"}],"author":[{"embeddable":true,"href":"https:\/\/www.visitvarmland.com\/corporate\/wp-json\/wp\/v2\/users\/3"}],"wp:attachment":[{"href":"https:\/\/www.visitvarmland.com\/corporate\/wp-json\/wp\/v2\/media?parent=865"}],"curies":[{"name":"wp","href":"https:\/\/api.w.org\/{rel}","templated":true}]}}