{"id":871,"date":"2021-06-24T08:58:00","date_gmt":"2021-06-24T06:58:00","guid":{"rendered":"https:\/\/www.visitvarmland.com\/visitvarmland-org\/?post_type=news&#038;p=871"},"modified":"2024-06-03T17:47:13","modified_gmt":"2024-06-03T15:47:13","slug":"innovationsarenor-besoksnaring-nytt-omstallningsprojekt-till-visit-varmland","status":"publish","type":"news","link":"https:\/\/www.visitvarmland.com\/corporate\/nyheter\/innovationsarenor-besoksnaring-nytt-omstallningsprojekt-till-visit-varmland\/","title":{"rendered":"Innovationsarenor Bes\u00f6ksn\u00e4ring, nytt omst\u00e4llningsprojekt till Visit V\u00e4rmland"},"content":{"rendered":"\n<p>Region V\u00e4rmland och Tillv\u00e4xtverket har beviljat Visit V\u00e4rmland st\u00f6d att genomf\u00f6ra projektet Innovationsarenor Bes\u00f6ksn\u00e4ring. Projektet \u00e4r ett bransch\u00f6verskridande samverkansprojekt som ska genomf\u00f6ras tillsammans med V\u00e4rmlands digitala kluster Compare.<\/p>\n\n\n\n<p>Projektet bidrar till V\u00e4rmlandsstrategins \u00e5tg\u00e4rd Fler och starkare f\u00f6retag d\u00e4r bes\u00f6ksn\u00e4ringen pekas ut som en tillv\u00e4xtbransch. Det handlar bland annat om samarbeten, kompetensf\u00f6rs\u00f6rjning, kapitalf\u00f6rs\u00f6rjning, f\u00f6rnyelse, kommunikationer, marknadsf\u00f6ring, gynnsamma kommunala f\u00f6ruts\u00e4ttningar och service, men ocks\u00e5 om att \u00f6ka intresset och skapa f\u00f6ruts\u00e4ttningar f\u00f6r att starta och driva f\u00f6retag. Projektet bidrar \u00e4ven till \u00e5tg\u00e4rden Livskvalitet f\u00f6r alla genom att tillg\u00e4ngligg\u00f6ra kultur och naturv\u00e4rden f\u00f6r m\u00e5nga fler av V\u00e4rmlands inv\u00e5nare. Projektet \u00e4r ett bransch\u00f6verskridande samverkansprojekt mellan Visit V\u00e4rmland och Compare.<\/p>\n\n\n\n<p>Projektet bygger vidare p\u00e5 Platsens digitaliserade upplevelser, genom att tillvarata tidigare investeringar och metod f\u00f6r att skapa nya innovationer och \u00f6kad tillv\u00e4xt i bes\u00f6ksn\u00e4ringen och underleverant\u00f6rer.<\/p>\n\n\n\n<p>Innovationsarenor Bes\u00f6ksn\u00e4ring \u00e4r en del av React \u2013 EU, en insats inom EUs regionalfond som bidrar till att st\u00e4rka sm\u00e5 och medelstora f\u00f6retag efter Coronapandemi i Norra Mellansverige. Projekten som st\u00f6ds av React ska bidra till en gr\u00f6n och digital omst\u00e4llning samt \u00f6ka konkurrenskraften i f\u00f6retagen.&nbsp;<\/p>\n\n\n\n<p>\u2013&nbsp;Det \u00f6vergripande m\u00e5let f\u00f6r projektet Innovationsarenor Bes\u00f6ksn\u00e4ring \u00e4r att f\u00f6retag inom bes\u00f6ksn\u00e4ringen ska \u00f6ka sin innovationskraft och omst\u00e4llningsf\u00f6rm\u00e5ga n\u00e4r det kommer till digitala och gr\u00f6na omst\u00e4llningar. Detta ska medf\u00f6ra att sm\u00e5 och medelstora f\u00f6retag inom bes\u00f6ksn\u00e4ringen i V\u00e4rmland har st\u00e4rkt sin attraktionskraft och klarar pandemins effekter f\u00f6r en konkurrenskraftig n\u00e4ring \u00e4ven efter pandemin, s\u00e4ger Mia Landin vd Visit V\u00e4rmland.<\/p>\n\n\n\n<p>Viljan inom bes\u00f6ksn\u00e4ringen f\u00f6r att digitalisera verksamheten och sitt s\u00e4tt att arbeta \u00e4r numera stor. F\u00f6rm\u00e5gan att digitalisera sin verksamhet och med digitalisering se nya m\u00f6jligheter avseende nya tj\u00e4nster och aff\u00e4rsmodeller \u00e4r dock m\u00e5nga g\u00e5nger l\u00e5g. \u00c4ven kunskapen kring begreppet innovation \u00e4r l\u00e5g hos m\u00e5lgruppen, vilket leder till att m\u00e5nga har f\u00f6rest\u00e4llningar av att innovation m\u00e5ste vara n\u00e5got stort och omv\u00e4lvande. F\u00f6renklat handlar projektet om att p\u00e5 ett systematiskt s\u00e4tt m\u00f6jligg\u00f6ra genomf\u00f6randet av olika omst\u00e4llnings- och utvecklingsid\u00e9er.&nbsp;<\/p>\n\n\n\n<p>\u2014&nbsp;D\u00e4rf\u00f6r \u00e4r det \u00e4ven viktigt att dessa f\u00f6retag f\u00e5r upp \u00f6gonen f\u00f6r vad innovation \u00e4r, att det snarare handlar om att hitta nya l\u00f6sningar p\u00e5 ett befintligt problem p\u00e5 just det f\u00f6retaget, s\u00e4ger Mia Landin.<\/p>\n\n\n\n<p>\u2014&nbsp;Vi \u00e4r mycket glada f\u00f6r att f\u00e5 m\u00f6jligheten att konkret arbeta med innovation och digitalisering tillsammans med bes\u00f6ksn\u00e4ringen och Visit V\u00e4rmland. Samarbete \u00f6ver branschgr\u00e4nser \u00e4r av stor betydelse f\u00f6r att kunna stimulera utveckling i sv\u00e5ra och utmanande tider, Magnus B\u00e5rden vd f\u00f6r Compare.<\/p>\n\n\n\n<p>F\u00f6r att n\u00e5 m\u00e5len kommer projektet att arbeta med olika arbetspaket; etablering, utveckling av innovationsplattformar, genomf\u00f6rande av innovationsarenor och innovationssupport Be Digital samt marknadsbearbetning och internationalisering. Projektet kommer att rikta ett extra fokus p\u00e5 sm\u00e5 och medelstora f\u00f6retag som har ett \u00f6kat behov av att st\u00e4lla om i och med pandemin och som historiskt haft en stor andel utl\u00e4ndska g\u00e4ster. Projektet kommer \u00e4ven att jobba med nya och befintliga sm\u00e5 och medelstora f\u00f6retag och entrepren\u00f6rer som vill utveckla hela eller delar av sin verksamhet till bes\u00f6ksn\u00e4ring, d\u00e5 ett ut\u00f6kat utbud \u00e4r viktigt f\u00f6r bes\u00f6ksn\u00e4ringens attraktionskraft i stort.<\/p>\n\n\n\n<div class=\"wp-block-atheme-component-action-button atheme-wrapper--action-button-single\"><a href=\"https:\/\/www.mynewsdesk.com\/se\/visitvarmland\/pressreleases\/innovationsarenor-besoeksnaering-nytt-omstaellningsprojekt-till-visit-vaermland-3111043\" target=\"_self\" class=\"a-action a-action--arrow\" rel=\"noopener\"><span>Till pressmeddelandet<\/span><\/a><\/div>\n","protected":false},"author":3,"featured_media":0,"template":"","class_list":["post-871","news","type-news","status-publish","hentry"],"acf":[],"lang":"sv","translations":{"sv":871},"pll_sync_post":[],"_links":{"self":[{"href":"https:\/\/www.visitvarmland.com\/corporate\/wp-json\/wp\/v2\/news\/871","targetHints":{"allow":["GET"]}}],"collection":[{"href":"https:\/\/www.visitvarmland.com\/corporate\/wp-json\/wp\/v2\/news"}],"about":[{"href":"https:\/\/www.visitvarmland.com\/corporate\/wp-json\/wp\/v2\/types\/news"}],"author":[{"embeddable":true,"href":"https:\/\/www.visitvarmland.com\/corporate\/wp-json\/wp\/v2\/users\/3"}],"wp:attachment":[{"href":"https:\/\/www.visitvarmland.com\/corporate\/wp-json\/wp\/v2\/media?parent=871"}],"curies":[{"name":"wp","href":"https:\/\/api.w.org\/{rel}","templated":true}]}}