{"id":873,"date":"2021-06-18T09:00:00","date_gmt":"2021-06-18T07:00:00","guid":{"rendered":"https:\/\/www.visitvarmland.com\/visitvarmland-org\/?post_type=news&#038;p=873"},"modified":"2024-06-03T17:47:13","modified_gmt":"2024-06-03T15:47:13","slug":"nya-reserad-fran-norges-regering","status":"publish","type":"news","link":"https:\/\/www.visitvarmland.com\/corporate\/nyheter\/nya-reserad-fran-norges-regering\/","title":{"rendered":"Nya reser\u00e5d fr\u00e5n Norges regering"},"content":{"rendered":"\n<p>P\u00e5 en presskonferens idag meddelade den norska regeringen att fr\u00e5n och med den 5 juli avskaffar utrikesministeriet reser\u00e5det f\u00f6r EES \/ Schengen och F\u00f6renade kungariket och l\u00e4nderna p\u00e5 EU: s tredjelandslista som FHI anser vara s\u00e4kra.<\/p>\n\n\n\n<p>Redan m\u00e5ndagen den 21 juni harmoniserar Norge landsf\u00e4rgerna med EU, men tr\u00f6skelv\u00e4rdena f\u00f6r undantag fr\u00e5n karant\u00e4n \u00e4ndras inte f\u00f6rr\u00e4n den 5 juli. Detta inneb\u00e4r att gr\u00f6na l\u00e4nder \u00e4r l\u00e4nder som har en infektionsfrekvens under 25\/100000 de senaste 14 dagarna och en andel positiva under fyra procent.<\/p>\n\n\n\n<p>M\u00e4nniskor som reser fr\u00e5n ett gr\u00f6nt land slipper redan idag intr\u00e4de med karant\u00e4n n\u00e4r de kommer till Norge. M\u00e4nniskor som bor i ett gr\u00f6nt land och har bott d\u00e4r de senaste tio dagarna kan ocks\u00e5 resa fritt i Norge, oavsett medborgarskap. Det kommer dock att finnas ett krav p\u00e5 registrering i intr\u00e4desregistret och testning vid gr\u00e4nsen.<\/p>\n\n\n\n<div class=\"wp-block-atheme-component-action-button atheme-wrapper--action-button-single\"><a href=\"https:\/\/www.regjeringen.no\/no\/dokumentarkiv\/regjeringen-solberg\/aktuelt-regjeringen-solberg\/ud\/pressemeldinger\/2021\/trygge_rammer\/id2862254\/\" target=\"_self\" class=\"a-action a-action--arrow\" rel=\"noopener\"><span>L\u00e4s mer h\u00e4r<\/span><\/a><\/div>\n","protected":false},"author":3,"featured_media":0,"template":"","class_list":["post-873","news","type-news","status-publish","hentry"],"acf":[],"lang":"sv","translations":{"sv":873},"pll_sync_post":[],"_links":{"self":[{"href":"https:\/\/www.visitvarmland.com\/corporate\/wp-json\/wp\/v2\/news\/873","targetHints":{"allow":["GET"]}}],"collection":[{"href":"https:\/\/www.visitvarmland.com\/corporate\/wp-json\/wp\/v2\/news"}],"about":[{"href":"https:\/\/www.visitvarmland.com\/corporate\/wp-json\/wp\/v2\/types\/news"}],"author":[{"embeddable":true,"href":"https:\/\/www.visitvarmland.com\/corporate\/wp-json\/wp\/v2\/users\/3"}],"wp:attachment":[{"href":"https:\/\/www.visitvarmland.com\/corporate\/wp-json\/wp\/v2\/media?parent=873"}],"curies":[{"name":"wp","href":"https:\/\/api.w.org\/{rel}","templated":true}]}}