{"id":874,"date":"2021-06-24T09:01:00","date_gmt":"2021-06-24T07:01:00","guid":{"rendered":"https:\/\/www.visitvarmland.com\/visitvarmland-org\/?post_type=news&#038;p=874"},"modified":"2024-06-03T17:47:13","modified_gmt":"2024-06-03T15:47:13","slug":"har-vi-rad-att-inte-tillganglighetsanpassa-besoksnaringen","status":"publish","type":"news","link":"https:\/\/www.visitvarmland.com\/corporate\/nyheter\/har-vi-rad-att-inte-tillganglighetsanpassa-besoksnaringen\/","title":{"rendered":"Har vi r\u00e5d att inte tillg\u00e4nglighetsanpassa bes\u00f6ksn\u00e4ringen?"},"content":{"rendered":"\n<p>Minst en femtedel av Sveriges befolkning har n\u00e5gon form av funktionsneds\u00e4ttning. Tillg\u00e4nglighet signalerar att alla \u00e4r v\u00e4lkomna, det \u00e4r en fr\u00e5ga om r\u00e4ttvisa, men ocks\u00e5 om&nbsp;konkurrenskraft. Strategiska och innovativa f\u00f6retag och&nbsp;destinationer f\u00f6rst\u00e5r att tillg\u00e4ngliga produkter och tj\u00e4nster \u00e4r b\u00e4ttre f\u00f6r alla bes\u00f6kare.<\/p>\n\n\n\n<p>\u2013 M\u00e5nga f\u00f6retag efterfr\u00e5gar mer kunskap om hur deras verksamhet&nbsp;kan blir mer inkluderande. Men, det finns en os\u00e4kerhet kring hur mycket insatser och resurser som kr\u00e4vs och ocks\u00e5 en r\u00e4dsla och tveksamhet i att investera. Det s\u00e4ger&nbsp;<em>Sandra Wall-Reinius<\/em>,&nbsp;Mittuniversitetet,&nbsp;som varit projektledare f\u00f6r BFUFs forskningsprojekt&nbsp;<em>Tillg\u00e4nglig och inkluderande naturturism<\/em>.&nbsp;<\/p>\n\n\n\n<p>Forskarna&nbsp;presenterade sina resultat vid en digital konferens i juni. Till h\u00f6sten kommer en BFUF-rapport som sammanfattar dessa.&nbsp;I v\u00e4ntan p\u00e5 den, l\u00e4s intervjun med Sandra Wall-&nbsp;Reinius&nbsp;p\u00e5 Mittuniversitetets hemsida&nbsp;<a href=\"https:\/\/bfuf.us7.list-manage.com\/track\/click?u=aacb48570fdc33be0755dac8e&amp;id=31ebb189a3&amp;e=7c68db53ef\" target=\"_blank\" rel=\"noreferrer noopener\">h\u00e4r<\/a>.&nbsp;<\/p>\n\n\n\n<p>Mer information om forskningsprojektet&nbsp;<em>Tillg\u00e4nglig och inkluderande naturturism: goda exempel p\u00e5 universellt utformade produkter<\/em>&nbsp;finns p\u00e5 BFUFs hemsida&nbsp;<a href=\"https:\/\/bfuf.us7.list-manage.com\/track\/click?u=aacb48570fdc33be0755dac8e&amp;id=1c3963cbbe&amp;e=7c68db53ef\" target=\"_blank\" rel=\"noreferrer noopener\">h\u00e4r<\/a>.<\/p>\n","protected":false},"author":3,"featured_media":0,"template":"","class_list":["post-874","news","type-news","status-publish","hentry"],"acf":[],"lang":"sv","translations":{"sv":874},"pll_sync_post":[],"_links":{"self":[{"href":"https:\/\/www.visitvarmland.com\/corporate\/wp-json\/wp\/v2\/news\/874","targetHints":{"allow":["GET"]}}],"collection":[{"href":"https:\/\/www.visitvarmland.com\/corporate\/wp-json\/wp\/v2\/news"}],"about":[{"href":"https:\/\/www.visitvarmland.com\/corporate\/wp-json\/wp\/v2\/types\/news"}],"author":[{"embeddable":true,"href":"https:\/\/www.visitvarmland.com\/corporate\/wp-json\/wp\/v2\/users\/3"}],"wp:attachment":[{"href":"https:\/\/www.visitvarmland.com\/corporate\/wp-json\/wp\/v2\/media?parent=874"}],"curies":[{"name":"wp","href":"https:\/\/api.w.org\/{rel}","templated":true}]}}