{"id":876,"date":"2021-06-24T09:04:00","date_gmt":"2021-06-24T07:04:00","guid":{"rendered":"https:\/\/www.visitvarmland.com\/visitvarmland-org\/?post_type=news&#038;p=876"},"modified":"2024-06-03T17:47:13","modified_gmt":"2024-06-03T15:47:13","slug":"the-edible-country-ar-tillbaka-i-varmland","status":"publish","type":"news","link":"https:\/\/www.visitvarmland.com\/corporate\/nyheter\/the-edible-country-ar-tillbaka-i-varmland\/","title":{"rendered":"The Edible Country \u00e4r tillbaka i V\u00e4rmland"},"content":{"rendered":"\n<p>Kampanjen The Edible Country, som Visit Sweden driver tillsammans med Visit v\u00e4rmland, \u00e4r tillbaka.&nbsp;<\/p>\n\n\n\n<p>S\u00e4songen 2021 kan vi \u00e4n en g\u00e5ng uppleva naturn\u00e4ra m\u00e5ltidsupplevelser vid tv\u00e5 olika bord i V\u00e4rmland. \u00c5terigen finner vi ett av dem vid S\u00e4vsj\u00f6n i Grums kommun, samt introducerar ett nytt bord i anrika Gustafsviks Herrg\u00e5rdspark i Kristinehamns kommun. Visit V\u00e4rmland hoppas tillsammans med entrepren\u00f6rerna Kungskvarnen i Borgvik samt Statt i Kristinehamn att 2021 blir ett framg\u00e5ngsrikt \u00e5r f\u00f6r The Edible Country.<\/p>\n\n\n\n<p>Precis som tidigare best\u00e5r konceptet av tv\u00e5 delar d\u00e4r Visit Sweden axlar ansvaret att inspirera och skapa uppm\u00e4rksamhet utanf\u00f6r landets gr\u00e4nser f\u00f6r att lyfta Sverige som en nation med ett starkt utbud av m\u00e5ltidsupplevelser kopplat till den svenska naturen.<\/p>\n\n\n\n<p>N\u00e4r du bokar din plats vid ett av borden ing\u00e5r ett cooking-kit som inneh\u00e5ller n\u00f6dv\u00e4ndiga verktyg f\u00f6r att f\u00f6rbereda m\u00e5ltiden och m\u00f6jligheten att addera till\u00e4gg som personlig guide, kock samt en korg med ingredienser inklusive recept.&nbsp;<\/p>\n\n\n\n<p>I den andra delen av konceptet utvecklar entrepren\u00f6ren sj\u00e4lv olika arrangemang kring borden som kan se varierande ut beroende p\u00e5 s\u00e4song eller vart borden placeras i landet.&nbsp;<\/p>\n\n\n\n<p>\u2014&nbsp;H\u00e4r l\u00e4mnas definitivt utrymme f\u00f6r innovation och kreativitet f\u00f6r att spela p\u00e5 den \u201dnya\u201d marknad som svemester och hemester har skapat under r\u00e5dande omst\u00e4ndigheter, s\u00e4ger John Zafaradl projektledare p\u00e5 Visit V\u00e4rmland.&nbsp;<\/p>\n\n\n\n<p>Valet f\u00f6ll p\u00e5 tv\u00e5 platser med olika karakt\u00e4r, men d\u00e4r b\u00e5da skildrar genuina v\u00e4rml\u00e4ndska milj\u00f6er som kan attrahera olika m\u00e5lgrupper, men samtidigt med en gemensam n\u00e4mnare i detta fall \u2013 b\u00e5da borden ligger vid vandringsleder, S\u00e4vsj\u00f6leden i Grums kommun respektive en av starterna f\u00f6r J\u00e4rnleden i Kristinehamns kommun. M\u00f6jligheten finns allts\u00e5 att bes\u00f6ka b\u00e5da borden, uppleva h\u00e4rliga milj\u00f6er och ta del av fler upplevelser och aktiviteter i n\u00e4rheten.<\/p>\n\n\n\n<p>\u2014 Bordet st\u00e5r kvar p\u00e5 sin vackra plats invid S\u00e4vsj\u00f6n och \u00f6ppnade f\u00f6r bokning 1 juni. H\u00e4r finns str\u00e5lande m\u00f6jligheter att bada, vandra, fiska eller paddla, inte allt f\u00f6r l\u00e5ngt fr\u00e5n Kungskvarnen i Borgvik. V\u00e5r matkorg \u00e4r fylld med viltk\u00f6tt, b\u00e4r och svamp fr\u00e5n n\u00e4romr\u00e5det, och m\u00f6jligheten att boka en kock finns. Vi vill att v\u00e5ra g\u00e4ster ska uppt\u00e4cka och f\u00e5 ta del av naturen och allt gott som kommer fr\u00e5n den, s\u00e4ger Anki Lundsten fr\u00e5n Kungskvarnen i Borgvik.<\/p>\n\n\n\n<p>\u2014 The Edible Country \u00e4r ett sp\u00e4nnande initiativ som nu ger oss chansen att skapa en egen fin matupplevelse i v\u00e4rml\u00e4ndsk natur i samarbete med lokala entrepren\u00f6rer. Bordet kommer att st\u00e5 i n\u00e4rheten av Gustafsviks Herrg\u00e5rdpark, med vacker omgivning och utsikt \u00f6ver vatten. Vi erbjuder flera olika arrangemang, bland annat en helhetsupplevelse med en kock som kommer ut till bordet och st\u00e5r f\u00f6r matlagningen. Maten \u00e4r inspirerad efter s\u00e4song och v\u00e4rml\u00e4ndska r\u00e5varor. Vi ser s\u00e5 fram emot sommaren d\u00e4r v\u00e5ra g\u00e4ster kan ta del av detta! V\u00e5rt bord \u00e4r bokningsbart fr\u00e5n 1 juli, h\u00e4lsar Gabriella Karlsson R\u00f6hr fr\u00e5n Ekman Hotels.<\/p>\n","protected":false},"author":3,"featured_media":0,"template":"","class_list":["post-876","news","type-news","status-publish","hentry"],"acf":[],"lang":"sv","translations":{"sv":876},"pll_sync_post":[],"_links":{"self":[{"href":"https:\/\/www.visitvarmland.com\/corporate\/wp-json\/wp\/v2\/news\/876","targetHints":{"allow":["GET"]}}],"collection":[{"href":"https:\/\/www.visitvarmland.com\/corporate\/wp-json\/wp\/v2\/news"}],"about":[{"href":"https:\/\/www.visitvarmland.com\/corporate\/wp-json\/wp\/v2\/types\/news"}],"author":[{"embeddable":true,"href":"https:\/\/www.visitvarmland.com\/corporate\/wp-json\/wp\/v2\/users\/3"}],"wp:attachment":[{"href":"https:\/\/www.visitvarmland.com\/corporate\/wp-json\/wp\/v2\/media?parent=876"}],"curies":[{"name":"wp","href":"https:\/\/api.w.org\/{rel}","templated":true}]}}